{"id":58651,"date":"2022-01-13T20:14:42","date_gmt":"2022-01-13T20:14:42","guid":{"rendered":"https:\/\/jorgezanoni.com.br\/2019\/?p=58651"},"modified":"2022-01-13T20:14:42","modified_gmt":"2022-01-13T20:14:42","slug":"policia-civil-apreende-adolescente-suspeito-de-envolvimento-em-furto-de-motocicleta-em-dracena","status":"publish","type":"post","link":"https:\/\/jorgezanoni.com.br\/2019\/policia-civil-apreende-adolescente-suspeito-de-envolvimento-em-furto-de-motocicleta-em-dracena\/","title":{"rendered":"Pol\u00edcia Civil apreende adolescente suspeito de envolvimento em furto de Motocicleta em Dracena"},"content":{"rendered":"<p style=\"text-align: justify;\">A Pol\u00edcia Civil, por interm\u00e9dio das Unidades Especializadas (Delegacia de Investiga\u00e7\u00f5es Gerais &#8211; DIG e Delegacia de Investiga\u00e7\u00e3o Sobre Entorpecentes &#8211; DISE), apreendeu nesta quinta-feira (13), um adolescente suspeito de envolvimento em furto de motocicleta em Dracena.<\/p>\n<p style=\"text-align: justify;\">A apreens\u00e3o do menor ocorreu durante investiga\u00e7\u00f5es dos policiais civis das Unidades Especializadas do furto de uma motocicleta Honda Titan, cometido na madrugada da \u00faltima sexta-feira (7), no bairro Conj. Hab. Virg\u00edlio Fioravente, em Dracena. A motocicleta foi recuperada e restitu\u00edda ao propriet\u00e1rio.<\/p>\n<p style=\"text-align: justify;\">Durante as investiga\u00e7\u00f5es, foi poss\u00edvel identificar a participa\u00e7\u00e3o do suspeito infrator na subtra\u00e7\u00e3o da motocicleta, sendo que na oportunidade o menor foi apresentado na unidade policial, ouvido na companhia de genitora, e confessado o delito.<\/p>\n<p style=\"text-align: justify;\">Diante dos fatos, foi feita uma representa\u00e7\u00e3o a Justi\u00e7a, com concord\u00e2ncia do Minist\u00e9rio P\u00fablico, pelo pedido de um mandado de interna\u00e7\u00e3o provis\u00f3ria em desfavor do adolescente, o qual foi cumprido nesta quinta-feira (13).<\/p>\n<p style=\"text-align: justify;\">Ap\u00f3s os procedimentos das comunica\u00e7\u00f5es necess\u00e1rias, infrator foi encaminhado a uma unidade da Funda\u00e7\u00e3o Casa da regi\u00e3o. As investiga\u00e7\u00f5es ainda ter\u00e3o continuidade visto que o adolescente apreendido seria suspeito de participa\u00e7\u00e3o em outros casos de furtos de motocicleta.<\/p>\n<p style=\"text-align: justify;\">Fonte: Com. Social Pol\u00edcia Civil<\/p>\n","protected":false},"excerpt":{"rendered":"<p>A Pol\u00edcia Civil, por interm\u00e9dio das Unidades Especializadas (Delegacia de Investiga\u00e7\u00f5es Gerais &#8211; DIG e Delegacia de Investiga\u00e7\u00e3o Sobre Entorpecentes &#8211; DISE), apreendeu nesta quinta-feira (13), um adolescente suspeito de envolvimento em furto de motocicleta em Dracena. A apreens\u00e3o do menor ocorreu durante investiga\u00e7\u00f5es dos policiais civis das Unidades Especializadas do furto de uma motocicleta [&hellip;]<\/p>\n","protected":false},"author":1,"featured_media":58652,"comment_status":"closed","ping_status":"open","sticky":false,"template":"","format":"standard","meta":{"footnotes":""},"categories":[110,2],"tags":[],"class_list":["post-58651","post","type-post","status-publish","format-standard","has-post-thumbnail","hentry","category-noticiasdestaque","category-policial"],"_links":{"self":[{"href":"https:\/\/jorgezanoni.com.br\/2019\/wp-json\/wp\/v2\/posts\/58651","targetHints":{"allow":["GET"]}}],"collection":[{"href":"https:\/\/jorgezanoni.com.br\/2019\/wp-json\/wp\/v2\/posts"}],"about":[{"href":"https:\/\/jorgezanoni.com.br\/2019\/wp-json\/wp\/v2\/types\/post"}],"author":[{"embeddable":true,"href":"https:\/\/jorgezanoni.com.br\/2019\/wp-json\/wp\/v2\/users\/1"}],"replies":[{"embeddable":true,"href":"https:\/\/jorgezanoni.com.br\/2019\/wp-json\/wp\/v2\/comments?post=58651"}],"version-history":[{"count":0,"href":"https:\/\/jorgezanoni.com.br\/2019\/wp-json\/wp\/v2\/posts\/58651\/revisions"}],"wp:featuredmedia":[{"embeddable":true,"href":"https:\/\/jorgezanoni.com.br\/2019\/wp-json\/wp\/v2\/media\/58652"}],"wp:attachment":[{"href":"https:\/\/jorgezanoni.com.br\/2019\/wp-json\/wp\/v2\/media?parent=58651"}],"wp:term":[{"taxonomy":"category","embeddable":true,"href":"https:\/\/jorgezanoni.com.br\/2019\/wp-json\/wp\/v2\/categories?post=58651"},{"taxonomy":"post_tag","embeddable":true,"href":"https:\/\/jorgezanoni.com.br\/2019\/wp-json\/wp\/v2\/tags?post=58651"}],"curies":[{"name":"wp","href":"https:\/\/api.w.org\/{rel}","templated":true}]}}