{"id":58647,"date":"2022-01-13T17:00:02","date_gmt":"2022-01-13T17:00:02","guid":{"rendered":"https:\/\/jorgezanoni.com.br\/2019\/?p=58647"},"modified":"2022-01-13T17:00:02","modified_gmt":"2022-01-13T17:00:02","slug":"motorista-e-preso-em-flagrante-por-embriaguez-ao-volante-apos-bater-em-placa-de-sinalizacao","status":"publish","type":"post","link":"https:\/\/jorgezanoni.com.br\/2019\/motorista-e-preso-em-flagrante-por-embriaguez-ao-volante-apos-bater-em-placa-de-sinalizacao\/","title":{"rendered":"Motorista \u00e9 preso em flagrante por embriaguez ao volante ap\u00f3s bater em placa de sinaliza\u00e7\u00e3o"},"content":{"rendered":"<h2 class=\"content-head__subtitle\" style=\"text-align: justify;\"><strong>Ocorr\u00eancia foi registrada na Rodovia Comandante Jo\u00e3o Ribeiro de Barros (SP-294), em Tupi Paulista (SP), nesta quarta-feira (12). Homem, de 34 anos, n\u00e3o se feriu.<\/strong><\/h2>\n<div class=\"mc-column content-text active-extra-styles \" style=\"text-align: justify;\" data-block-type=\"unstyled\" data-block-weight=\"48\" data-block-id=\"2\"><\/div>\n<div class=\"wall protected-content\">\n<div class=\"mc-column content-text active-extra-styles \" data-block-type=\"unstyled\" data-block-weight=\"21\" data-block-id=\"5\">\n<div class=\"mc-column content-text active-extra-styles \" style=\"text-align: justify;\" data-block-type=\"unstyled\" data-block-weight=\"48\" data-block-id=\"2\">\n<p class=\"content-text__container \" data-track-category=\"Link no Texto\" data-track-links=\"\">Um homem, de 34 anos, foi preso em flagrante por embriaguez ao volante na noite desta quarta-feira (12), em\u00a0<a href=\"https:\/\/g1.globo.com\/sp\/presidente-prudente-regiao\/cidade\/tupi-paulista\/\">Tupi Paulista<\/a>\u00a0(SP). De acordo com a Pol\u00edcia Militar Rodovi\u00e1ria, ele bateu o carro que conduzia em uma placa de sinaliza\u00e7\u00e3o, na Rodovia Comandante Jo\u00e3o Ribeiro de Barros (SP-294).<\/p>\n<\/div>\n<div class=\"wall protected-content\">\n<div class=\"mc-column content-text active-extra-styles \" style=\"text-align: justify;\" data-block-type=\"unstyled\" data-block-weight=\"29\" data-block-id=\"3\">\n<p class=\"content-text__container \" data-track-category=\"Link no Texto\" data-track-links=\"\">Ainda conforme a corpora\u00e7\u00e3o, a equipe foi acionada por volta das 21h30. O motorista trafegava de\u00a0<a href=\"https:\/\/g1.globo.com\/sp\/presidente-prudente-regiao\/cidade\/dracena\/\">Dracena<\/a>\u00a0(SP) a Santa Mercedes (SP) e bateu na placa no km 664,4.<\/p>\n<\/div>\n<div class=\"mc-column content-text active-extra-styles \" style=\"text-align: justify;\" data-block-type=\"unstyled\" data-block-weight=\"16\" data-block-id=\"4\">\n<p class=\"content-text__container \" data-track-category=\"Link no Texto\" data-track-links=\"\">No momento do choque, tamb\u00e9m segundo a corpora\u00e7\u00e3o, chovia no local e a estrada estava molhada.<\/p>\n<\/div>\n<div class=\"mc-column content-text active-extra-styles \" style=\"text-align: justify;\" data-block-type=\"unstyled\" data-block-weight=\"21\" data-block-id=\"5\">\n<p class=\"content-text__container \" data-track-category=\"Link no Texto\" data-track-links=\"\">O rapaz foi convidado a realizar o teste do etil\u00f4metro, que acusou 0,44 mg\/l de \u00e1lcool por litro de ar alveolar.<\/p>\n<\/div>\n<div class=\"mc-column content-text active-extra-styles \" style=\"text-align: justify;\" data-block-type=\"unstyled\" data-block-weight=\"16\" data-block-id=\"7\">\n<p class=\"content-text__container \" data-track-category=\"Link no Texto\" data-track-links=\"\">O condutor, que \u00e9 morador de\u00a0<a href=\"https:\/\/g1.globo.com\/sp\/presidente-prudente-regiao\/cidade\/tupi-paulista\/\">Tupi Paulista<\/a>, foi preso em flagrante por embriaguez ao volante.<\/p>\n<\/div>\n<div class=\"mc-column content-text active-extra-styles \" style=\"text-align: justify;\" data-block-type=\"unstyled\" data-block-weight=\"22\" data-block-id=\"8\">\n<p class=\"content-text__container \" data-track-category=\"Link no Texto\" data-track-links=\"\">Ele n\u00e3o sofreu ferimentos e foi levado para o Plant\u00e3o de Pol\u00edcia Civil, em\u00a0<a href=\"https:\/\/g1.globo.com\/sp\/presidente-prudente-regiao\/cidade\/dracena\/\">Dracena<\/a>, onde foi arbitrada fian\u00e7a de R$ 1.212.<\/p>\n<\/div>\n<div class=\"mc-column content-text active-extra-styles \" data-block-type=\"unstyled\" data-block-weight=\"17\" data-block-id=\"9\">\n<p class=\"content-text__container \" style=\"text-align: justify;\" data-track-category=\"Link no Texto\" data-track-links=\"\">A Pol\u00edcia Rodovi\u00e1ria informou que o valor n\u00e3o foi pago e ele permaneceu \u00e0 disposi\u00e7\u00e3o da Justi\u00e7a.<\/p>\n<\/div>\n<div class=\"row medium-uncollapsed content-media content-photo\" data-block-type=\"backstage-photo\" data-block-id=\"10\">\n<div class=\"mc-column content-media__container\">\n<div class=\"content-media-container glb-skeleton-box\">\n<figure class=\"content-media-figure\"><img decoding=\"async\" class=\"i-amphtml-fill-content i-amphtml-replaced-content\" src=\"https:\/\/s2.glbimg.com\/Ha3aJyGLA_oP4tOon5xlteuTuug=\/0x0:1280x590\/984x0\/smart\/filters:strip_icc()\/i.s3.glbimg.com\/v1\/AUTH_59edd422c0c84a879bd37670ae4f538a\/internal_photos\/bs\/2022\/w\/S\/WLZiPISMGzrJkztcDjpA\/whatsapp-image-2022-01-13-at-02.25.43.jpeg\" sizes=\"(max-width: 1366px) 648px, 100vw\" srcset=\"https:\/\/s2.glbimg.com\/RopD_xkX21lzHUKr2dT9lsrsAdY=\/0x0:1280x590\/1000x0\/smart\/filters:strip_icc()\/i.s3.glbimg.com\/v1\/AUTH_59edd422c0c84a879bd37670ae4f538a\/internal_photos\/bs\/2022\/w\/S\/WLZiPISMGzrJkztcDjpA\/whatsapp-image-2022-01-13-at-02.25.43.jpeg 1000w, https:\/\/s2.glbimg.com\/Ha3aJyGLA_oP4tOon5xlteuTuug=\/0x0:1280x590\/984x0\/smart\/filters:strip_icc()\/i.s3.glbimg.com\/v1\/AUTH_59edd422c0c84a879bd37670ae4f538a\/internal_photos\/bs\/2022\/w\/S\/WLZiPISMGzrJkztcDjpA\/whatsapp-image-2022-01-13-at-02.25.43.jpeg 984w, https:\/\/s2.glbimg.com\/dCHQrianUExsbMHfFnMnGMx-QCE=\/0x0:1280x590\/640x0\/smart\/filters:strip_icc()\/i.s3.glbimg.com\/v1\/AUTH_59edd422c0c84a879bd37670ae4f538a\/internal_photos\/bs\/2022\/w\/S\/WLZiPISMGzrJkztcDjpA\/whatsapp-image-2022-01-13-at-02.25.43.jpeg 640w, https:\/\/s2.glbimg.com\/EvUSKTfdjE6D32o6XSH408-hz9E=\/0x0:1280x590\/600x0\/smart\/filters:strip_icc()\/i.s3.glbimg.com\/v1\/AUTH_59edd422c0c84a879bd37670ae4f538a\/internal_photos\/bs\/2022\/w\/S\/WLZiPISMGzrJkztcDjpA\/whatsapp-image-2022-01-13-at-02.25.43.jpeg 600w\" alt=\"Motorista bateu em uma placa de sinaliza\u00e7\u00e3o \u2014 Foto: Pol\u00edcia Rodovi\u00e1ria\" \/><\/figure>\n<\/div>\n<p class=\"content-media__description \">Motorista bateu em uma placa de sinaliza\u00e7\u00e3o \u2014 Foto: Pol\u00edcia Rodovi\u00e1ria<\/p>\n<p>Fonte: G1 e PMR<\/p>\n<\/div>\n<\/div>\n<\/div>\n<p data-track-category=\"Link no Texto\" data-track-links=\"\">\n<\/div>\n<\/div>\n","protected":false},"excerpt":{"rendered":"<p>Ocorr\u00eancia foi registrada na Rodovia Comandante Jo\u00e3o Ribeiro de Barros (SP-294), em Tupi Paulista (SP), nesta quarta-feira (12). Homem, de 34 anos, n\u00e3o se feriu. Um homem, de 34 anos, foi preso em flagrante por embriaguez ao volante na noite desta quarta-feira (12), em\u00a0Tupi Paulista\u00a0(SP). De acordo com a Pol\u00edcia Militar Rodovi\u00e1ria, ele bateu o [&hellip;]<\/p>\n","protected":false},"author":1,"featured_media":58648,"comment_status":"closed","ping_status":"open","sticky":false,"template":"","format":"standard","meta":{"footnotes":""},"categories":[170,110],"tags":[],"class_list":["post-58647","post","type-post","status-publish","format-standard","has-post-thumbnail","hentry","category-acidentes","category-noticiasdestaque"],"_links":{"self":[{"href":"https:\/\/jorgezanoni.com.br\/2019\/wp-json\/wp\/v2\/posts\/58647","targetHints":{"allow":["GET"]}}],"collection":[{"href":"https:\/\/jorgezanoni.com.br\/2019\/wp-json\/wp\/v2\/posts"}],"about":[{"href":"https:\/\/jorgezanoni.com.br\/2019\/wp-json\/wp\/v2\/types\/post"}],"author":[{"embeddable":true,"href":"https:\/\/jorgezanoni.com.br\/2019\/wp-json\/wp\/v2\/users\/1"}],"replies":[{"embeddable":true,"href":"https:\/\/jorgezanoni.com.br\/2019\/wp-json\/wp\/v2\/comments?post=58647"}],"version-history":[{"count":0,"href":"https:\/\/jorgezanoni.com.br\/2019\/wp-json\/wp\/v2\/posts\/58647\/revisions"}],"wp:featuredmedia":[{"embeddable":true,"href":"https:\/\/jorgezanoni.com.br\/2019\/wp-json\/wp\/v2\/media\/58648"}],"wp:attachment":[{"href":"https:\/\/jorgezanoni.com.br\/2019\/wp-json\/wp\/v2\/media?parent=58647"}],"wp:term":[{"taxonomy":"category","embeddable":true,"href":"https:\/\/jorgezanoni.com.br\/2019\/wp-json\/wp\/v2\/categories?post=58647"},{"taxonomy":"post_tag","embeddable":true,"href":"https:\/\/jorgezanoni.com.br\/2019\/wp-json\/wp\/v2\/tags?post=58647"}],"curies":[{"name":"wp","href":"https:\/\/api.w.org\/{rel}","templated":true}]}}