{"id":58623,"date":"2022-01-12T15:00:36","date_gmt":"2022-01-12T15:00:36","guid":{"rendered":"https:\/\/jorgezanoni.com.br\/2019\/?p=58623"},"modified":"2022-01-12T15:00:36","modified_gmt":"2022-01-12T15:00:36","slug":"prolongamento-da-alameda-inglaterra-recebera-pavimentacao","status":"publish","type":"post","link":"https:\/\/jorgezanoni.com.br\/2019\/prolongamento-da-alameda-inglaterra-recebera-pavimentacao\/","title":{"rendered":"Prolongamento da Alameda Inglaterra receber\u00e1 pavimenta\u00e7\u00e3o"},"content":{"rendered":"<p style=\"text-align: justify;\">Nesta semana, a EMDAEP iniciar\u00e1 a pavimenta\u00e7\u00e3o do prolongamento da Alameda Inglaterra, que d\u00e1 acesso ao Residencial Aroeiras e ao futuro Distrito Comercial \u201cJoaquim Martins.<\/p>\n<p style=\"text-align: justify;\">A atual etapa prev\u00ea asfalto de uma faixa de rolamento com sete metros de largura, com 475 metros de extens\u00e3o, totalizando 3.325 metros quadrados de asfalto. Houve execu\u00e7\u00e3o de 950 metros lineares de guias e sarjetas.<\/p>\n<p style=\"text-align: justify;\">A obra faz parte de termo de coopera\u00e7\u00e3o entre Prefeitura e Ottoboni Empreendimentos Imobili\u00e1rios A empresa Ottoboni est\u00e1 custeando todos os materiais necess\u00e1rios no valor de R$ 239 mil. A Prefeitura pagar\u00e1 a m\u00e3o de obra de R$ 80 mil para a EMDAEP.<\/p>\n<p><img loading=\"lazy\" decoding=\"async\" class=\"alignnone size-full wp-image-58626\" src=\"https:\/\/jorgezanoni.com.br\/2019\/wp-content\/uploads\/2022\/01\/alameda1-1.jpg\" alt=\"\" width=\"1024\" height=\"591\" srcset=\"https:\/\/jorgezanoni.com.br\/2019\/wp-content\/uploads\/2022\/01\/alameda1-1.jpg 1024w, https:\/\/jorgezanoni.com.br\/2019\/wp-content\/uploads\/2022\/01\/alameda1-1-300x173.jpg 300w, https:\/\/jorgezanoni.com.br\/2019\/wp-content\/uploads\/2022\/01\/alameda1-1-768x443.jpg 768w, https:\/\/jorgezanoni.com.br\/2019\/wp-content\/uploads\/2022\/01\/alameda1-1-696x402.jpg 696w, https:\/\/jorgezanoni.com.br\/2019\/wp-content\/uploads\/2022\/01\/alameda1-1-728x420.jpg 728w\" sizes=\"auto, (max-width: 1024px) 100vw, 1024px\" \/>Ass. Rela\u00e7\u00f5es P\u00fablicas da EMDAEP<\/p>\n","protected":false},"excerpt":{"rendered":"<p>Nesta semana, a EMDAEP iniciar\u00e1 a pavimenta\u00e7\u00e3o do prolongamento da Alameda Inglaterra, que d\u00e1 acesso ao Residencial Aroeiras e ao futuro Distrito Comercial \u201cJoaquim Martins. A atual etapa prev\u00ea asfalto de uma faixa de rolamento com sete metros de largura, com 475 metros de extens\u00e3o, totalizando 3.325 metros quadrados de asfalto. Houve execu\u00e7\u00e3o de 950 [&hellip;]<\/p>\n","protected":false},"author":1,"featured_media":58624,"comment_status":"closed","ping_status":"open","sticky":false,"template":"","format":"standard","meta":{"footnotes":""},"categories":[179,184,110],"tags":[],"class_list":["post-58623","post","type-post","status-publish","format-standard","has-post-thumbnail","hentry","category-cidadeseregiao","category-dracena","category-noticiasdestaque"],"_links":{"self":[{"href":"https:\/\/jorgezanoni.com.br\/2019\/wp-json\/wp\/v2\/posts\/58623","targetHints":{"allow":["GET"]}}],"collection":[{"href":"https:\/\/jorgezanoni.com.br\/2019\/wp-json\/wp\/v2\/posts"}],"about":[{"href":"https:\/\/jorgezanoni.com.br\/2019\/wp-json\/wp\/v2\/types\/post"}],"author":[{"embeddable":true,"href":"https:\/\/jorgezanoni.com.br\/2019\/wp-json\/wp\/v2\/users\/1"}],"replies":[{"embeddable":true,"href":"https:\/\/jorgezanoni.com.br\/2019\/wp-json\/wp\/v2\/comments?post=58623"}],"version-history":[{"count":0,"href":"https:\/\/jorgezanoni.com.br\/2019\/wp-json\/wp\/v2\/posts\/58623\/revisions"}],"wp:featuredmedia":[{"embeddable":true,"href":"https:\/\/jorgezanoni.com.br\/2019\/wp-json\/wp\/v2\/media\/58624"}],"wp:attachment":[{"href":"https:\/\/jorgezanoni.com.br\/2019\/wp-json\/wp\/v2\/media?parent=58623"}],"wp:term":[{"taxonomy":"category","embeddable":true,"href":"https:\/\/jorgezanoni.com.br\/2019\/wp-json\/wp\/v2\/categories?post=58623"},{"taxonomy":"post_tag","embeddable":true,"href":"https:\/\/jorgezanoni.com.br\/2019\/wp-json\/wp\/v2\/tags?post=58623"}],"curies":[{"name":"wp","href":"https:\/\/api.w.org\/{rel}","templated":true}]}}