{"id":58595,"date":"2022-01-11T22:17:21","date_gmt":"2022-01-11T22:17:21","guid":{"rendered":"https:\/\/jorgezanoni.com.br\/2019\/?p=58595"},"modified":"2022-01-11T22:17:21","modified_gmt":"2022-01-11T22:17:21","slug":"saude-de-dracena-reinstala-tenda-em-frente-ao-cemac-para-atender-o-publico","status":"publish","type":"post","link":"https:\/\/jorgezanoni.com.br\/2019\/saude-de-dracena-reinstala-tenda-em-frente-ao-cemac-para-atender-o-publico\/","title":{"rendered":"Sa\u00fade de Dracena reinstala Tenda em frente ao CEMAC para atender o p\u00fablico"},"content":{"rendered":"<p style=\"text-align: justify;\"><strong>Os casos de covid aumentaram muito do meio do m\u00eas de dezembro para agora, informa a secret\u00e1ria Cl\u00e1udia Luginick.<\/strong><\/p>\n<p style=\"text-align: justify;\">A Secretaria de Sa\u00fade de Dracena precisou reinstalar tenda na frente do Centro Municipal de Atendimento \u00e0 Covid (CEMAC). O p\u00fablico que necessita do servi\u00e7o ter\u00e1 novamente a disposi\u00e7\u00e3o uma grande tenda do lado de fora em frente ao CEMAC para aguardar o atendimento na unidade em frente \u00e0 Santa Casa e evitar aglomera\u00e7\u00f5es. De um lado ficam os pacientes positivados e de outro os suspeitos, com isso a Rua Virg\u00edlio Pagnozzi no trecho em frente ao CEMAC est\u00e1 com o tr\u00e2nsito impedido.<br \/>\nA medida conforme informou a secret\u00e1ria Cl\u00e1udia Luginick se deve devido ao aumento de pacientes que est\u00e3o procurando pelo CEMAC. \u201cEm dezembro at\u00e9 por volta do dia 15, a m\u00e9dia de pacientes atendidos na unidade por dia era de 30 pacientes; ontem, 10, saltou para 163 pacientes, em apenas um dia\u201d.<br \/>\nO CEMAC est\u00e1 atendendo das 7h \u00e0 0h de segunda a segunda. A equipe de profissionais de enfermagem que atua no local tamb\u00e9m j\u00e1 foi ampliada.<br \/>\nA secret\u00e1ria pontuou que est\u00e1 medida \u00e9 para melhorar o atendimento ao p\u00fablico que procura pelo CEMAC. \u201cEstamos oferecendo um maior conforto e seguran\u00e7a na presta\u00e7\u00e3o de servi\u00e7o, por\u00e9m queremos deixar claro que n\u00e3o h\u00e1 motivo de p\u00e2nico, a Sa\u00fade municipal est\u00e1 preparada para oferecer o atendimento\u201d, disse Cl\u00e1udia.<br \/>\nEla afirmou que hoje a equipe do CEMAC ir\u00e1 verificar a posi\u00e7\u00e3o do sol e do vento quanto \u00e0 necessidade de fechar a lateral da tenda, caso n\u00e3o seja preciso permanecer\u00e1 como est\u00e1.<br \/>\nNo ano passado, o CEMAC tamb\u00e9m havia adotado a tenda para atender os pacientes.<\/p>\n<p><img loading=\"lazy\" decoding=\"async\" class=\"alignnone size-full wp-image-58597\" src=\"https:\/\/jorgezanoni.com.br\/2019\/wp-content\/uploads\/2022\/01\/tenda1.jpg\" alt=\"\" width=\"600\" height=\"800\" srcset=\"https:\/\/jorgezanoni.com.br\/2019\/wp-content\/uploads\/2022\/01\/tenda1.jpg 600w, https:\/\/jorgezanoni.com.br\/2019\/wp-content\/uploads\/2022\/01\/tenda1-225x300.jpg 225w, https:\/\/jorgezanoni.com.br\/2019\/wp-content\/uploads\/2022\/01\/tenda1-315x420.jpg 315w\" sizes=\"auto, (max-width: 600px) 100vw, 600px\" \/> <img loading=\"lazy\" decoding=\"async\" class=\"alignnone size-full wp-image-58598\" src=\"https:\/\/jorgezanoni.com.br\/2019\/wp-content\/uploads\/2022\/01\/tenda2.jpg\" alt=\"\" width=\"600\" height=\"800\" srcset=\"https:\/\/jorgezanoni.com.br\/2019\/wp-content\/uploads\/2022\/01\/tenda2.jpg 600w, https:\/\/jorgezanoni.com.br\/2019\/wp-content\/uploads\/2022\/01\/tenda2-225x300.jpg 225w, https:\/\/jorgezanoni.com.br\/2019\/wp-content\/uploads\/2022\/01\/tenda2-315x420.jpg 315w\" sizes=\"auto, (max-width: 600px) 100vw, 600px\" \/><\/p>\n<p style=\"text-align: justify;\">Fonte: Diretoria de Comunica\u00e7\u00e3o<\/p>\n","protected":false},"excerpt":{"rendered":"<p>Os casos de covid aumentaram muito do meio do m\u00eas de dezembro para agora, informa a secret\u00e1ria Cl\u00e1udia Luginick. A Secretaria de Sa\u00fade de Dracena precisou reinstalar tenda na frente do Centro Municipal de Atendimento \u00e0 Covid (CEMAC). O p\u00fablico que necessita do servi\u00e7o ter\u00e1 novamente a disposi\u00e7\u00e3o uma grande tenda do lado de fora [&hellip;]<\/p>\n","protected":false},"author":1,"featured_media":58596,"comment_status":"closed","ping_status":"open","sticky":false,"template":"","format":"standard","meta":{"footnotes":""},"categories":[179,184,110],"tags":[],"class_list":["post-58595","post","type-post","status-publish","format-standard","has-post-thumbnail","hentry","category-cidadeseregiao","category-dracena","category-noticiasdestaque"],"_links":{"self":[{"href":"https:\/\/jorgezanoni.com.br\/2019\/wp-json\/wp\/v2\/posts\/58595","targetHints":{"allow":["GET"]}}],"collection":[{"href":"https:\/\/jorgezanoni.com.br\/2019\/wp-json\/wp\/v2\/posts"}],"about":[{"href":"https:\/\/jorgezanoni.com.br\/2019\/wp-json\/wp\/v2\/types\/post"}],"author":[{"embeddable":true,"href":"https:\/\/jorgezanoni.com.br\/2019\/wp-json\/wp\/v2\/users\/1"}],"replies":[{"embeddable":true,"href":"https:\/\/jorgezanoni.com.br\/2019\/wp-json\/wp\/v2\/comments?post=58595"}],"version-history":[{"count":0,"href":"https:\/\/jorgezanoni.com.br\/2019\/wp-json\/wp\/v2\/posts\/58595\/revisions"}],"wp:featuredmedia":[{"embeddable":true,"href":"https:\/\/jorgezanoni.com.br\/2019\/wp-json\/wp\/v2\/media\/58596"}],"wp:attachment":[{"href":"https:\/\/jorgezanoni.com.br\/2019\/wp-json\/wp\/v2\/media?parent=58595"}],"wp:term":[{"taxonomy":"category","embeddable":true,"href":"https:\/\/jorgezanoni.com.br\/2019\/wp-json\/wp\/v2\/categories?post=58595"},{"taxonomy":"post_tag","embeddable":true,"href":"https:\/\/jorgezanoni.com.br\/2019\/wp-json\/wp\/v2\/tags?post=58595"}],"curies":[{"name":"wp","href":"https:\/\/api.w.org\/{rel}","templated":true}]}}