{"id":58589,"date":"2022-01-11T20:46:46","date_gmt":"2022-01-11T20:46:46","guid":{"rendered":"https:\/\/jorgezanoni.com.br\/2019\/?p=58589"},"modified":"2022-01-11T20:47:49","modified_gmt":"2022-01-11T20:47:49","slug":"desencontros-em-uma-tarde-de-domingo-aqui-em-casa","status":"publish","type":"post","link":"https:\/\/jorgezanoni.com.br\/2019\/desencontros-em-uma-tarde-de-domingo-aqui-em-casa\/","title":{"rendered":"Desencontros em uma tarde de domingo aqui em casa&#8230;"},"content":{"rendered":"<p><strong>DESENCONTROS EM UMA TARDE DE DOMINGO AQUI EM CASA&#8230;<\/strong><\/p>\n<p><em>\u201cO verdadeiro professor defende os seus alunos contra a sua pr\u00f3pria influ\u00eancia.\u201d (<\/em><a href=\"https:\/\/www.pensador.com\/autor\/amos_alcott\/\"><em>Amos Alcott<\/em><\/a><em>)<\/em><em>\u00a0<\/em><\/p>\n<p><strong><em>S\u00e9rgio Barbosa (*)<\/em><\/strong><strong><em>\u00a0<\/em><\/strong><\/p>\n<p><strong><em>Para BERTIN, CLAUDEMIR e LUCAS, dedico!<\/em><\/strong><strong>\u00a0<\/strong><\/p>\n<p style=\"text-align: justify;\">Faz alguns meses, ainda, lembro que era DOMINGO, assim, apareceram aqui em casa para um desencontro tr\u00eas ex-alunos dos bons e velhos tempos da antiga FAI, quando os cursos de PUBLICIDADE &amp; PROPAGANDA e JORNALISMO, ainda, estavam cumprindo os seus objetivos quanto \u00e0 qualidade e \u201csenso cr\u00edtico\u201d e ponto quase final&#8230;<\/p>\n<p style=\"text-align: justify;\">Tamb\u00e9m, um ex-aluno do curso de HIST\u00d3RIA que sempre esteve \u00e0 frente do seu tempo na sala de aula por meio das leituras e participa\u00e7\u00e3o cr\u00edtica frente aos temas das disciplinas de HIST\u00d3RIA E RELIGI\u00c3O, bem como, HIST\u00d3RIA E M\u00cdDIA&#8230;<\/p>\n<p style=\"text-align: justify;\">Mas, vamos aos nomes deste trio mais do que especial, al\u00e9m do mais ou de menos, \u201cA QUEM HONRA, HONRA!\u201d, a saber: BERTIN, diplomado nos cursos de PP e JORNALISMO, Mestre em Comunica\u00e7\u00e3o Social na METODISTA); LUCAS (Bode), diplomado no curso de PP e P\u00f3s-Graduado em Semi\u00f3tica pela UNOESTE, al\u00e9m do CLAUDEMIR (Espanhol), diplomado no curso de HIST\u00d3RIA&#8230;<\/p>\n<p style=\"text-align: justify;\">Aproveitando a oportunidade, gostaria de registrar mais tr\u00eas outros nomes de ex-alunos que hoje, s\u00e3o DOUTORES em \u00e1reas distintas, tamb\u00e9m, ex-alunos da FAI: IGOR PEDRINI (diplomado em PP, Mestre em Ci\u00eancias da Informa\u00e7\u00e3o pela UNESP\/Mar\u00edlia e DOUTOR EM EDUCA\u00c7\u00c3O pela UFU\/MG); RODRIGO SANCHES Cursou dois anos de PP na FAI e terminou o curso na UNIBERO\/SP, por\u00e9m, se considera ex-aluno da institui\u00e7\u00e3o em todos os sentidos, possui MESTRADO EM COMUNICA\u00c7\u00c3O E SEMI\u00d3TICA pela PUC\/SP e DOUTOR EM \u201cPSICOLOGIA SOCIAL\u201d pela USP\/RP, bem como, EDUARDO GURGEL (Caverna), diplomado em JORNALISMO pela FAI; MESTRE E DOUTOR EM COMUNICA\u00c7\u00c3O SOCIAL pela UMESP\/METODISTA de SBCampo&#8230;<\/p>\n<p style=\"text-align: justify;\">Acredito que todos, cada qual do seu jeito de ser e estar nestes cursos, marcaram presen\u00e7a, tanto quanto outros\/as, todavia, como sempre, apenas uma minoria aparece para um desencontro aqui em casa, mesmo assim, faz-se necess\u00e1rio registrar tais visitas para um olhar al\u00e9m do tempo deste tempo&#8230;<\/p>\n<p style=\"text-align: justify;\">No caso das visitas em uma tarde domingo de sol em terras provincianas, deve-se escrever que os tr\u00eas ex-alunos s\u00e3o provincianos de LUC\u00c9LIA, que pertence a GRANDE PROV\u00cdNCIA DE ADAMANTINA&#8230;<\/p>\n<p style=\"text-align: justify;\">Outra coisa (sic), todos s\u00e3o profissionais atuando nas \u00e1reas profissional e\u00a0 acad\u00eamica, portanto, os diplomados citados, ou seja, BERTIN, LUCAS E CLAUDEMIR est\u00e3o mais do que presentes nestas \u00e1reas de atua\u00e7\u00e3o, ainda, lutando para manter o \u201csenso cr\u00edtico\u201d frente ao cen\u00e1rio atual deste PA\u00cdS DO FAZ DE CONTA&#8230;<\/p>\n<p style=\"text-align: justify;\">Como disse para os mesmos aqui em casa, tamb\u00e9m, para os outros ex-alunos que s\u00e3o doutores nesta ou naquela \u00e1rea, ou seja, o \u201cprofessor, Mestre ou Sebar\u201d como os mesmos denominam a minha pessoa, confessa que j\u00e1 ficou para tr\u00e1s em alguns quesitos, por exemplo, na titula\u00e7\u00e3o acad\u00eamica, bem como, no acesso as novas tecnologias midi\u00e1ticas em tempo de p\u00f3s-globaliza\u00e7\u00e3o, entretanto, pelo menos estou anos e anos na idade na frente dos mesmos&#8230;<\/p>\n<p style=\"text-align: justify;\">QUEM CONHECEU VAI SABER&#8230;<\/p>\n","protected":false},"excerpt":{"rendered":"<p>DESENCONTROS EM UMA TARDE DE DOMINGO AQUI EM CASA&#8230; \u201cO verdadeiro professor defende os seus alunos contra a sua pr\u00f3pria influ\u00eancia.\u201d (Amos Alcott)\u00a0 S\u00e9rgio Barbosa (*)\u00a0 Para BERTIN, CLAUDEMIR e LUCAS, dedico!\u00a0 Faz alguns meses, ainda, lembro que era DOMINGO, assim, apareceram aqui em casa para um desencontro tr\u00eas ex-alunos dos bons e velhos tempos [&hellip;]<\/p>\n","protected":false},"author":1,"featured_media":58590,"comment_status":"closed","ping_status":"open","sticky":false,"template":"","format":"standard","meta":{"footnotes":""},"categories":[175],"tags":[],"class_list":["post-58589","post","type-post","status-publish","format-standard","has-post-thumbnail","hentry","category-artigos"],"_links":{"self":[{"href":"https:\/\/jorgezanoni.com.br\/2019\/wp-json\/wp\/v2\/posts\/58589","targetHints":{"allow":["GET"]}}],"collection":[{"href":"https:\/\/jorgezanoni.com.br\/2019\/wp-json\/wp\/v2\/posts"}],"about":[{"href":"https:\/\/jorgezanoni.com.br\/2019\/wp-json\/wp\/v2\/types\/post"}],"author":[{"embeddable":true,"href":"https:\/\/jorgezanoni.com.br\/2019\/wp-json\/wp\/v2\/users\/1"}],"replies":[{"embeddable":true,"href":"https:\/\/jorgezanoni.com.br\/2019\/wp-json\/wp\/v2\/comments?post=58589"}],"version-history":[{"count":0,"href":"https:\/\/jorgezanoni.com.br\/2019\/wp-json\/wp\/v2\/posts\/58589\/revisions"}],"wp:featuredmedia":[{"embeddable":true,"href":"https:\/\/jorgezanoni.com.br\/2019\/wp-json\/wp\/v2\/media\/58590"}],"wp:attachment":[{"href":"https:\/\/jorgezanoni.com.br\/2019\/wp-json\/wp\/v2\/media?parent=58589"}],"wp:term":[{"taxonomy":"category","embeddable":true,"href":"https:\/\/jorgezanoni.com.br\/2019\/wp-json\/wp\/v2\/categories?post=58589"},{"taxonomy":"post_tag","embeddable":true,"href":"https:\/\/jorgezanoni.com.br\/2019\/wp-json\/wp\/v2\/tags?post=58589"}],"curies":[{"name":"wp","href":"https:\/\/api.w.org\/{rel}","templated":true}]}}