{"id":58550,"date":"2022-01-10T01:14:01","date_gmt":"2022-01-10T01:14:01","guid":{"rendered":"https:\/\/jorgezanoni.com.br\/2019\/?p=58550"},"modified":"2022-01-10T01:14:01","modified_gmt":"2022-01-10T01:14:01","slug":"planejar-e-preciso-a-arte-de-pensar-por-valdir-barbosa","status":"publish","type":"post","link":"https:\/\/jorgezanoni.com.br\/2019\/planejar-e-preciso-a-arte-de-pensar-por-valdir-barbosa\/","title":{"rendered":"PLANEJAR \u00c9 PRECISO: A Arte de Pensar ! (Por Valdir Barbosa)"},"content":{"rendered":"<p style=\"text-align: justify;\">by Prof. Valdir Barbosa (*)<\/p>\n<p style=\"text-align: justify;\">\u201cFormar\u00e1s os teus projetos, que ter\u00e3o feliz \u00eaxito, e a luz brilhar\u00e1 em tuas veredas\u201d. (J\u00f3 22-28)<\/p>\n<p style=\"text-align: justify;\">\u201cPlanejar \u00e9 um dos quatro pilares da administra\u00e7\u00e3o de empresas concomitante com Organiza\u00e7\u00e3o, Dire\u00e7\u00e3o e Controle. O Planejar \u00e9 uma condi\u00e7\u00e3o essencial e fundamental para se executar qualquer atividade, seja ela profissional ou pessoal, pois tudo que existe no mundo fenom\u00eanico (material) foi primeiro idealizado no n\u00edvel mental. O planejar abrange tr\u00eas n\u00edveis de planejamento: Estrat\u00e9gico, t\u00e1tico e operacional. Sendo que o n\u00edvel estrat\u00e9gico est\u00e1 no n\u00edvel das ideias (pensamento), o n\u00edvel t\u00e1tico est\u00e1 relacionado \u00e0s manobras com esquemas e diretrizes, e o n\u00edvel operacional est\u00e1 relacionado \u00e0s a\u00e7\u00f5es das tarefas e atividades. Dentro desses conceitos te\u00f3ricos do planejamento, podemos us\u00e1-los como ferramentas de planejamento para o in\u00edcio do ano novo de 2022 e tamb\u00e9m como instrumento de mudan\u00e7as em nossas vidas. Para planejar \u00e9 preciso fazer uma ampla reflex\u00e3o do contexto atual e em seguida mapear um diagn\u00f3stico da situa\u00e7\u00e3o para depois disso tra\u00e7ar os objetivos e metas. O objetivo \u00e9 sempre a longo prazo, sendo que a meta s\u00e3o fra\u00e7\u00f5es desse objetivo para se realizar passo a passo, como se assim fosse comer uma fruta de rom\u00e3, saboreando gomo por gomo para n\u00e3o amargar a boca com uma forte mordida na casca. Paci\u00eancia e perseveran\u00e7a s\u00e3o estes ensinamentos que aprendemos com essa alegoria da rom\u00e3. Definindo as metas, o pr\u00f3ximo passo \u00e9 estabelecer um plano de a\u00e7\u00e3o detalhado respondendo as seguintes perguntas: O que vou fazer? Como vou fazer isto? Que estrat\u00e9gia vou usar? Quando vou iniciar?. O Plano de a\u00e7\u00e3o faz parte do planejamento operacional a ser executado. Muitas pessoas fazem planos, mas poucos colocam em pr\u00e1tica, pois isso exige uma tomada de decis\u00e3o e atitude com uma iniciativa, ou seja o primeiro passo de uma grande jornada. O plano de a\u00e7\u00e3o exige um foco na atividade. Segundo um experimento da mec\u00e2nica qu\u00e2ntica com a \u201cdupla fenda\u201d, o observador colapsa a fun\u00e7\u00e3o de onda, ou seja, a onda se comporta como part\u00edcula quando observado pelo observador. Esse experimento nos mostra que quando observamos e damos a devida aten\u00e7\u00e3o com foco no evento colocando nossa inten\u00e7\u00e3o com vontade e determina\u00e7\u00e3o, o resultado \u00e9 alterado, mostrando assim o experimento que, n\u00e3o existe neutralidade no evento na presen\u00e7a do observador. Mas lembrem-se nossas a\u00e7\u00f5es precisam ser \u00e9ticas e ecologicamente corretas para estar em harmonia com o Grande Arquiteto do Universo. Planejar \u00e9 preciso. Viver \u00e9 Divino!\u201d<br \/>\n__________<br \/>\n(*) Psic\u00f3logo; Professor em Desenvolvimento Profissional e Gerencial; Licenciado em Pedagogia, Geografia e Tecn\u00f3logo em Gest\u00e3o de Recursos Humanos; P\u00f3s-graduado em Gest\u00e3o Escolar e Palestrante Motivacional.<\/p>\n","protected":false},"excerpt":{"rendered":"<p>by Prof. Valdir Barbosa (*) \u201cFormar\u00e1s os teus projetos, que ter\u00e3o feliz \u00eaxito, e a luz brilhar\u00e1 em tuas veredas\u201d. (J\u00f3 22-28) \u201cPlanejar \u00e9 um dos quatro pilares da administra\u00e7\u00e3o de empresas concomitante com Organiza\u00e7\u00e3o, Dire\u00e7\u00e3o e Controle. O Planejar \u00e9 uma condi\u00e7\u00e3o essencial e fundamental para se executar qualquer atividade, seja ela profissional ou [&hellip;]<\/p>\n","protected":false},"author":1,"featured_media":58551,"comment_status":"closed","ping_status":"open","sticky":false,"template":"","format":"standard","meta":{"footnotes":""},"categories":[175],"tags":[],"class_list":["post-58550","post","type-post","status-publish","format-standard","has-post-thumbnail","hentry","category-artigos"],"_links":{"self":[{"href":"https:\/\/jorgezanoni.com.br\/2019\/wp-json\/wp\/v2\/posts\/58550","targetHints":{"allow":["GET"]}}],"collection":[{"href":"https:\/\/jorgezanoni.com.br\/2019\/wp-json\/wp\/v2\/posts"}],"about":[{"href":"https:\/\/jorgezanoni.com.br\/2019\/wp-json\/wp\/v2\/types\/post"}],"author":[{"embeddable":true,"href":"https:\/\/jorgezanoni.com.br\/2019\/wp-json\/wp\/v2\/users\/1"}],"replies":[{"embeddable":true,"href":"https:\/\/jorgezanoni.com.br\/2019\/wp-json\/wp\/v2\/comments?post=58550"}],"version-history":[{"count":0,"href":"https:\/\/jorgezanoni.com.br\/2019\/wp-json\/wp\/v2\/posts\/58550\/revisions"}],"wp:featuredmedia":[{"embeddable":true,"href":"https:\/\/jorgezanoni.com.br\/2019\/wp-json\/wp\/v2\/media\/58551"}],"wp:attachment":[{"href":"https:\/\/jorgezanoni.com.br\/2019\/wp-json\/wp\/v2\/media?parent=58550"}],"wp:term":[{"taxonomy":"category","embeddable":true,"href":"https:\/\/jorgezanoni.com.br\/2019\/wp-json\/wp\/v2\/categories?post=58550"},{"taxonomy":"post_tag","embeddable":true,"href":"https:\/\/jorgezanoni.com.br\/2019\/wp-json\/wp\/v2\/tags?post=58550"}],"curies":[{"name":"wp","href":"https:\/\/api.w.org\/{rel}","templated":true}]}}