{"id":58513,"date":"2022-01-08T20:38:02","date_gmt":"2022-01-08T20:38:02","guid":{"rendered":"https:\/\/jorgezanoni.com.br\/2019\/?p=58513"},"modified":"2022-01-08T20:38:02","modified_gmt":"2022-01-08T20:38:02","slug":"canion-desaba-atinge-lanchas-de-turistas-e-causa-cinco-mortes-em-capitolio-mg","status":"publish","type":"post","link":"https:\/\/jorgezanoni.com.br\/2019\/canion-desaba-atinge-lanchas-de-turistas-e-causa-cinco-mortes-em-capitolio-mg\/","title":{"rendered":"C\u00e2nion desaba, atinge lanchas de turistas e causa cinco mortes em Capit\u00f3lio, MG"},"content":{"rendered":"<h2 class=\"content-head__subtitle\" style=\"text-align: justify;\">23 pessoas foram atendidas e liberadas. Segundo o Corpo de Bombeiros, a princ\u00edpio uma tromba d&#8217;\u00e1gua fez pedras deslizarem dos c\u00e2nions e atingir lanchas neste s\u00e1bado (8).<\/h2>\n<div class=\"mc-column content-text active-extra-styles \" style=\"text-align: justify;\" data-block-type=\"unstyled\" data-block-weight=\"33\" data-block-id=\"2\">\n<p class=\"content-text__container \" data-track-category=\"Link no Texto\" data-track-links=\"\">Um deslizamento de pedras no Lago de Furnas, em\u00a0<a href=\"https:\/\/g1.globo.com\/mg\/centro-oeste\/cidade\/capitolio\/\">Capit\u00f3lio<\/a>\u00a0(<a href=\"https:\/\/g1.globo.com\/mg\/centro-oeste\/\">MG<\/a>), a cerca de 300 km de\u00a0<a href=\"https:\/\/g1.globo.com\/mg\/minas-gerais\/cidade\/belo-horizonte\/\">Belo Horizonte<\/a>, atingiu tr\u00eas embarca\u00e7\u00f5es, com 34 pessoas, neste s\u00e1bado (8) e causou\u00a0<strong>cinco mortes<\/strong>.<\/p>\n<\/div>\n<div class=\"wall protected-content\">\n<div class=\"mc-column content-text active-extra-styles \" style=\"text-align: justify;\" data-block-type=\"unstyled\" data-block-weight=\"21\" data-block-id=\"3\">\n<p class=\"content-text__container \" data-track-category=\"Link no Texto\" data-track-links=\"\">Um v\u00eddeo cuja veracidade foi confirmada pelos bombeiros mostra o\u00a0<span class=\"highlight highlighted\">momento em que um dos c\u00e2nions atinge as lanchas<\/span>\u00a0(<em>veja acima<\/em>).<\/p>\n<\/div>\n<div class=\"mc-column content-text active-extra-styles \" style=\"text-align: justify;\" data-block-type=\"unstyled\" data-block-weight=\"7\" data-block-id=\"4\">\n<p class=\"content-text__container \" data-track-category=\"Link no Texto\" data-track-links=\"\"><strong>Veja o que se sabe at\u00e9 agora:<\/strong><\/p>\n<\/div>\n<div class=\"mc-column content-text active-extra-styles\" style=\"text-align: justify;\" data-block-type=\"raw\" data-block-weight=\"51\" data-block-id=\"5\">\n<ul class=\"content-unordered-list\">\n<li><strong>O deslizamento ocorreu por volta de 12h30. Ainda n\u00e3o se sabe o que causou o acidente<\/strong><\/li>\n<li><strong>Ao todo, 34 pessoas estavam envolvidas; 5 morreram. Ningu\u00e9m foi identificado at\u00e9 agora<\/strong><\/li>\n<li><strong>23 pessoas foram atendidas e liberadas<\/strong><\/li>\n<li><strong>Bombeiros e Pol\u00edcia Civil est\u00e3o no local; a Marinha foi acionada e vai investigar a causa<\/strong><\/li>\n<\/ul>\n<p><strong>Mortes<\/strong><\/p>\n<\/div>\n<div class=\"mc-column content-text active-extra-styles \" style=\"text-align: justify;\" data-block-type=\"unstyled\" data-block-weight=\"17\" data-block-id=\"8\">\n<p class=\"content-text__container \" data-track-category=\"Link no Texto\" data-track-links=\"\">O Corpo de Bombeiros de Minas Gerais confirmou cinco mortes pelo deslizamento. Ningu\u00e9m foi identificado at\u00e9 agora.<\/p>\n<\/div>\n<div class=\"mc-column content-text active-extra-styles\" style=\"text-align: justify;\" data-block-type=\"raw\" data-block-weight=\"1\" data-block-id=\"9\">\n<div class=\"content-intertitle\">\n<h2>Feridos<\/h2>\n<\/div>\n<p>Segundo o Corpo de Bombeiros de Minas Gerais, 32 pessoas foram atendidas por causa do acidente, a maioria com ferimentos leves. Dessas, <strong>23 foram atendidas e liberadas<\/strong>\u00a0da Santa Casa de\u00a0<a href=\"https:\/\/g1.globo.com\/mg\/centro-oeste\/cidade\/capitolio\/\">Capit\u00f3lio<\/a>.<\/p>\n<\/div>\n<div class=\"mc-column content-text active-extra-styles \" style=\"text-align: justify;\" data-block-type=\"unstyled\" data-block-weight=\"20\" data-block-id=\"11\">\n<p class=\"content-text__container \" data-track-category=\"Link no Texto\" data-track-links=\"\">Ningu\u00e9m foi identificado at\u00e9 agora. Guarni\u00e7\u00f5es de\u00a0<a href=\"https:\/\/g1.globo.com\/mg\/sul-de-minas\/cidade\/passos\/\">Passos<\/a>\u00a0e\u00a0<a href=\"https:\/\/g1.globo.com\/mg\/centro-oeste\/cidade\/piumhi\/\">Piumhi<\/a>\u00a0foram deslocadas para a regi\u00e3o para<a href=\"https:\/\/g1.globo.com\/mg\/centro-oeste\/cidade\/piumhi\/\">\u00a0<\/a>prestar atendimento \u00e0s v\u00edtimas.<\/p>\n<\/div>\n<div class=\"row medium-uncollapsed content-media content-photo\" style=\"text-align: justify;\" data-block-type=\"backstage-photo\" data-block-id=\"12\">\n<div class=\"mc-column content-media__container\">\n<div class=\"content-media-container glb-skeleton-box\">\n<figure class=\"content-media-figure\"><img decoding=\"async\" class=\"i-amphtml-fill-content i-amphtml-replaced-content\" src=\"https:\/\/s2.glbimg.com\/bUT5bWZ_IhK8CjV-lz_qiTLP-j4=\/0x0:650x596\/984x0\/smart\/filters:strip_icc()\/i.s3.glbimg.com\/v1\/AUTH_59edd422c0c84a879bd37670ae4f538a\/internal_photos\/bs\/2022\/L\/O\/G17vWXTEAmB2CZyUod1A\/0801-capitolio-deslizamento.png\" sizes=\"(max-width: 1366px) 648px, 100vw\" srcset=\"https:\/\/s2.glbimg.com\/IZ4b4c04rktxKoJRfjtXTYjv2Xc=\/0x0:650x596\/1000x0\/smart\/filters:strip_icc()\/i.s3.glbimg.com\/v1\/AUTH_59edd422c0c84a879bd37670ae4f538a\/internal_photos\/bs\/2022\/L\/O\/G17vWXTEAmB2CZyUod1A\/0801-capitolio-deslizamento.png 1000w, https:\/\/s2.glbimg.com\/bUT5bWZ_IhK8CjV-lz_qiTLP-j4=\/0x0:650x596\/984x0\/smart\/filters:strip_icc()\/i.s3.glbimg.com\/v1\/AUTH_59edd422c0c84a879bd37670ae4f538a\/internal_photos\/bs\/2022\/L\/O\/G17vWXTEAmB2CZyUod1A\/0801-capitolio-deslizamento.png 984w, https:\/\/s2.glbimg.com\/dJa27-apFxKrevZjpG66P9At_9I=\/0x0:650x596\/640x0\/smart\/filters:strip_icc()\/i.s3.glbimg.com\/v1\/AUTH_59edd422c0c84a879bd37670ae4f538a\/internal_photos\/bs\/2022\/L\/O\/G17vWXTEAmB2CZyUod1A\/0801-capitolio-deslizamento.png 640w, https:\/\/s2.glbimg.com\/rnu6St9BzHCGU83g5ZsoKSd5yL4=\/0x0:650x596\/600x0\/smart\/filters:strip_icc()\/i.s3.glbimg.com\/v1\/AUTH_59edd422c0c84a879bd37670ae4f538a\/internal_photos\/bs\/2022\/L\/O\/G17vWXTEAmB2CZyUod1A\/0801-capitolio-deslizamento.png 600w\" alt=\"Feridos em acidente em Capit\u00f3lio (MG) foram levados para cidades pr\u00f3ximas; veja no infogr\u00e1fico \u2014 Foto: G1\" \/><\/figure>\n<\/div>\n<p class=\"content-media__description \">Feridos em acidente em Capit\u00f3lio (MG) foram levados para cidades pr\u00f3ximas; veja no infogr\u00e1fico \u2014 Foto: G1<\/p>\n<\/div>\n<\/div>\n<div class=\"mc-column content-text active-extra-styles\" style=\"text-align: justify;\" data-block-type=\"raw\" data-block-weight=\"2\" data-block-id=\"13\">\n<div class=\"content-intertitle\">\n<h2>Lugar tur\u00edstico<\/h2>\n<\/div>\n<\/div>\n<div class=\"mc-column content-text active-extra-styles \" style=\"text-align: justify;\" data-block-type=\"unstyled\" data-block-weight=\"25\" data-block-id=\"14\">\n<p class=\"content-text__container \" data-track-category=\"Link no Texto\" data-track-links=\"\">A regi\u00e3o de\u00a0<a href=\"https:\/\/g1.globo.com\/mg\/centro-oeste\/cidade\/capitolio\/\">Capit\u00f3lio<\/a>\u00a0e outras cidades banhadas pelo\u00a0<a href=\"https:\/\/g1.globo.com\/globo-reporter\/noticia\/2021\/11\/27\/globo-reporter-navega-pelo-lago-artificial-da-represa-de-furnas-um-dos-maiores-do-planeta.ghtml\">Lago de Furnas, no Centro-Oeste de Minas, \u00e9 bastante procurada por turistas<\/a>\u00a0por sua beleza natural.<\/p>\n<\/div>\n<div class=\"mc-column content-text active-extra-styles \" style=\"text-align: justify;\" data-block-type=\"unstyled\" data-block-weight=\"36\" data-block-id=\"15\">\n<p class=\"content-text__container \" data-track-category=\"Link no Texto\" data-track-links=\"\">Assim como\u00a0<a href=\"https:\/\/g1.globo.com\/mg\/minas-gerais\/noticia\/2022\/01\/08\/chuva-em-minas-gerais-veja-situacao-de-cidades-nas-ultimas-24h.ghtml\">outras partes do estado<\/a>, a regi\u00e3o tem sido atingida pelas chuvas recentes: na sexta-feira (7), o Instituto Nacional de Meteorologia (<a href=\"https:\/\/g1.globo.com\/tudo-sobre\/inmet\/\">Inmet<\/a>) havia emitido um\u00a0alerta de\u00a0<a href=\"https:\/\/g1.globo.com\/mg\/centro-oeste\/noticia\/2022\/01\/07\/mais-chuva-tempo-segue-instavel-no-fim-de-semana-no-centro-oeste-de-minas.ghtml\">chuvas intensas, que durariam at\u00e9 a manh\u00e3 deste s\u00e1bado<\/a>.<\/p>\n<\/div>\n<div class=\"content-ads content-ads--reveal\" style=\"text-align: justify;\" data-block-type=\"ads\" data-block-id=\"16\">Inicialmente, o Corpo de Bombeiros informou ao <a href=\"https:\/\/g1.globo.com\/\">g1<\/a>\u00a0que uma tromba d\u2019\u00e1gua junto \u00e0s pedras fez com que elas ca\u00edssem.<\/div>\n<div class=\"mc-column content-text active-extra-styles \" style=\"text-align: justify;\" data-block-type=\"unstyled\" data-block-weight=\"45\" data-block-id=\"18\">\n<p class=\"content-text__container \" data-track-category=\"Link no Texto\" data-track-links=\"\">Entretanto, segundo o especialista Gustavo Cunha Melo, especialista em gerenciamento de risco, a tromba d&#8217;\u00e1gua pode ter agido como um gatilho para o deslizamento, mas n\u00e3o foi necessariamente a causa do problema.\u00a0<span class=\"highlight highlighted\">Para Melo, a rocha se desprenderia de qualquer jeito, por causa da eros\u00e3o:<\/span><\/p>\n<\/div>\n<div class=\"mc-column content-text active-extra-styles\" style=\"text-align: justify;\" data-block-type=\"raw\" data-block-weight=\"44\" data-block-id=\"19\">\n<blockquote class=\"content-blockquote theme-border-color-primary-before\"><p>&#8220;Essa rocha j\u00e1 estava com muita eros\u00e3o, totalmente fragmentada, ela iria desabar em algum momento. A tromba d\u2019\u00e1gua pode explicar o desabamento neste momento? Pode, assim como tamb\u00e9m n\u00e3o precisava nada \u2013 ela ia desabar em algum momento por eros\u00e3o, por um processo natural&#8221;, afirmou.<\/p><\/blockquote>\n<blockquote class=\"content-blockquote theme-border-color-primary-before\"><p>Nesses casos, segundo o especialista, o gerenciamento de risco consiste em\u00a0<strong>isolar o local<\/strong>.<\/p><\/blockquote>\n<\/div>\n<div class=\"mc-column content-text active-extra-styles \" style=\"text-align: justify;\" data-block-type=\"unstyled\" data-block-weight=\"48\" data-block-id=\"21\">\n<p class=\"content-text__container \" data-track-category=\"Link no Texto\" data-track-links=\"\">&#8220;N\u00e3o tem muito o que fazer nessas situa\u00e7\u00f5es. O gerenciamento de risco \u00e9: manter dist\u00e2ncia.Voc\u00ea tem que isolar a \u00e1rea. A \u00fanica gest\u00e3o de risco que \u00e9 feita \u00e9 isolar a \u00e1rea. Infelizmente ali as embarca\u00e7\u00f5es estavam muito pr\u00f3ximas e o desabamento aconteceu nesse mesmo momento&#8221;, explicou Melo.<\/p>\n<\/div>\n<div class=\"mc-column content-text active-extra-styles\" data-block-type=\"raw\" data-block-weight=\"3\" data-block-id=\"22\">\n<div class=\"content-intertitle\">\n<h2 style=\"text-align: justify;\">Passageiros tentaram avisar<\/h2>\n<div class=\"mc-column content-text active-extra-styles\" style=\"text-align: justify;\" data-block-type=\"raw\" data-block-weight=\"3\" data-block-id=\"26\">\n<div class=\"content-intertitle\">\n<h2>Governador lamenta acidente<\/h2>\n<\/div>\n<p>&nbsp;<\/p>\n<\/div>\n<div class=\"mc-column content-text active-extra-styles \" style=\"text-align: justify;\" data-block-type=\"unstyled\" data-block-weight=\"14\" data-block-id=\"27\">\n<p class=\"content-text__container \" data-track-category=\"Link no Texto\" data-track-links=\"\">O governador de Minas, Romeu Zema (Novo), lamentou o acidente na rede social Twitter:<\/p>\n<\/div>\n<div class=\"mc-column content-text active-extra-styles\" style=\"text-align: justify;\" data-block-type=\"raw\" data-block-weight=\"49\" data-block-id=\"28\">\n<p class=\"content-text__container\">\n<blockquote class=\"content-blockquote theme-border-color-primary-before\"><p>&#8220;Sofremos hoje a dor de uma trag\u00e9dia em nosso Estado, devido \u00e0s fortes chuvas, que provocaram o desprendimento de um pared\u00e3o de pedras no lago de Furnas, em\u00a0<a href=\"https:\/\/g1.globo.com\/mg\/centro-oeste\/cidade\/capitolio\/\">Capit\u00f3lio<\/a>. O Governo de Minas est\u00e1 presente desde os primeiros momentos atrav\u00e9s da Defesa Civil e Corpo de Bombeiros&#8221;, escreveu Zema.<\/p><\/blockquote>\n<p>&nbsp;<\/p>\n<\/div>\n<div class=\"mc-column content-text active-extra-styles \" style=\"text-align: justify;\" data-block-type=\"unstyled\" data-block-weight=\"25\" data-block-id=\"29\">\n<p class=\"content-text__container \" data-track-category=\"Link no Texto\" data-track-links=\"\">&#8220;Os trabalhos de resgate ainda est\u00e3o em andamento. Solidarizo com as fam\u00edlias neste dif\u00edcil momento. Seguiremos atuando para fornecer o apoio e amparo necess\u00e1rios&#8221;, completou.<\/p>\n<\/div>\n<div class=\"mc-column content-text active-extra-styles\" style=\"text-align: justify;\" data-block-type=\"raw\" data-block-weight=\"4\" data-block-id=\"30\">\n<div class=\"content-intertitle\">\n<h2>Marinha vai apurar causas<\/h2>\n<\/div>\n<\/div>\n<div class=\"mc-column content-text active-extra-styles \" style=\"text-align: justify;\" data-block-type=\"unstyled\" data-block-weight=\"26\" data-block-id=\"31\">\n<p class=\"content-text__container \" data-track-category=\"Link no Texto\" data-track-links=\"\">Por meio de nota, a Marinha do Brasil informou que um inqu\u00e9rito ser\u00e1 instaurado para apurar causas, circunst\u00e2ncias do acidente\u00a0<strong>(Veja nota completa mais abaixo)<\/strong>.<\/p>\n<\/div>\n<div class=\"mc-column content-text active-extra-styles \" data-block-type=\"unstyled\" data-block-weight=\"19\" data-block-id=\"32\">\n<p class=\"content-text__container \" style=\"text-align: justify;\" data-track-category=\"Link no Texto\" data-track-links=\"\">A Pol\u00edcia Civil de Minas informou que est\u00e1 no local para identificar os danos e as causas do acidente.<\/p>\n<div class=\"mc-column content-text active-extra-styles \" style=\"text-align: justify;\" data-block-type=\"unstyled\" data-block-weight=\"7\" data-block-id=\"35\">\n<p class=\"content-text__container \" data-track-category=\"Link no Texto\" data-track-links=\"\"><strong>Confira a \u00edntegra da nota da Marinha<\/strong><\/p>\n<\/div>\n<div class=\"mc-column content-text active-extra-styles \" style=\"text-align: justify;\" data-block-type=\"unstyled\" data-block-weight=\"31\" data-block-id=\"36\">\n<p class=\"content-text__container \" data-track-category=\"Link no Texto\" data-track-links=\"\"><em>A Marinha do Brasil informa que tomou conhecimento de um acidente, no fim da manh\u00e3 de hoje, ap\u00f3s deslizamento de rochedo atingir embarca\u00e7\u00f5es que navegavam a regi\u00e3o dos c\u00e2nions, em\u00a0<\/em><a href=\"https:\/\/g1.globo.com\/mg\/centro-oeste\/cidade\/capitolio\/\"><em>Capit\u00f3lio<\/em><\/a><em>-MG.<\/em><\/p>\n<\/div>\n<div class=\"mc-column content-text active-extra-styles \" style=\"text-align: justify;\" data-block-type=\"unstyled\" data-block-weight=\"51\" data-block-id=\"37\">\n<p class=\"content-text__container \" data-track-category=\"Link no Texto\" data-track-links=\"\"><em>A DelFurnas deslocou, imediatamente, equipes de Busca e Salvamento (SAR) para o local, integrantes da Opera\u00e7\u00e3o Ver\u00e3o ora em andamento, a fim de prestar o apoio necess\u00e1rio \u00e0s tripula\u00e7\u00f5es envolvidas no acidente, no transporte de feridos para a Santa Casa de\u00a0<\/em><a href=\"https:\/\/g1.globo.com\/mg\/centro-oeste\/cidade\/capitolio\/\"><em>Capit\u00f3lio<\/em><\/a><em>, e no aux\u00edlio aos outros \u00f3rg\u00e3os atuando no local.<\/em><\/p>\n<\/div>\n<div class=\"mc-column content-text active-extra-styles \" style=\"text-align: justify;\" data-block-type=\"unstyled\" data-block-weight=\"11\" data-block-id=\"38\">\n<p class=\"content-text__container \" data-track-category=\"Link no Texto\" data-track-links=\"\"><em>Um inqu\u00e9rito ser\u00e1 instaurado para apurar causas, circunst\u00e2ncias do acidente\/fato ocorrido.<\/em><\/p>\n<\/div>\n<div class=\"row medium-uncollapsed content-media content-photo\" data-block-type=\"backstage-photo\" data-block-id=\"39\">\n<div class=\"mc-column content-media__container\">\n<div class=\"content-media-container glb-skeleton-box\" style=\"text-align: justify;\">\n<figure class=\"content-media-figure\"><img decoding=\"async\" class=\"i-amphtml-fill-content i-amphtml-replaced-content\" src=\"https:\/\/s2.glbimg.com\/yM96c-mZEjiRynXZTweqXmfqCFE=\/0x0:1200x1599\/984x0\/smart\/filters:strip_icc()\/i.s3.glbimg.com\/v1\/AUTH_59edd422c0c84a879bd37670ae4f538a\/internal_photos\/bs\/2022\/H\/o\/nuyssJSmyO9EUsHK53hA\/whatsapp-image-2022-01-08-at-13.34.09.jpeg\" sizes=\"(max-width: 1366px) 648px, 100vw\" srcset=\"https:\/\/s2.glbimg.com\/sxOeFtClEqqg8lR2COruUXIy3U0=\/0x0:1200x1599\/1000x0\/smart\/filters:strip_icc()\/i.s3.glbimg.com\/v1\/AUTH_59edd422c0c84a879bd37670ae4f538a\/internal_photos\/bs\/2022\/H\/o\/nuyssJSmyO9EUsHK53hA\/whatsapp-image-2022-01-08-at-13.34.09.jpeg 1000w, https:\/\/s2.glbimg.com\/yM96c-mZEjiRynXZTweqXmfqCFE=\/0x0:1200x1599\/984x0\/smart\/filters:strip_icc()\/i.s3.glbimg.com\/v1\/AUTH_59edd422c0c84a879bd37670ae4f538a\/internal_photos\/bs\/2022\/H\/o\/nuyssJSmyO9EUsHK53hA\/whatsapp-image-2022-01-08-at-13.34.09.jpeg 984w, https:\/\/s2.glbimg.com\/T_O5D_Ma3KQYhRebZ239091q5pc=\/0x0:1200x1599\/640x0\/smart\/filters:strip_icc()\/i.s3.glbimg.com\/v1\/AUTH_59edd422c0c84a879bd37670ae4f538a\/internal_photos\/bs\/2022\/H\/o\/nuyssJSmyO9EUsHK53hA\/whatsapp-image-2022-01-08-at-13.34.09.jpeg 640w, https:\/\/s2.glbimg.com\/2Gs1ib9ZXVz8Md6OOpwLeCnbMCM=\/0x0:1200x1599\/600x0\/smart\/filters:strip_icc()\/i.s3.glbimg.com\/v1\/AUTH_59edd422c0c84a879bd37670ae4f538a\/internal_photos\/bs\/2022\/H\/o\/nuyssJSmyO9EUsHK53hA\/whatsapp-image-2022-01-08-at-13.34.09.jpeg 600w\" alt=\"Corpo de Bombeiros foram deslocados para prestar atendimento \u00e0s v\u00edtimas \u2014 Foto: Corpo de Bombeiros\/Divulga\u00e7\u00e3o\" \/><\/figure>\n<\/div>\n<p class=\"content-media__description \" style=\"text-align: justify;\">Corpo de Bombeiros foram deslocados para prestar atendimento \u00e0s v\u00edtimas \u2014 Foto: Corpo de Bombeiros\/Divulga\u00e7\u00e3o<\/p>\n<p style=\"text-align: justify;\">Fonte:https:\/\/g1.globo.com\/mg\/centro-oeste\/noticia\/2022\/01\/08\/video-deslizamento-de-pedras-atinge-embarcacoes-com-turistas-em-capitolio.ghtml<\/p>\n<\/div>\n<\/div>\n<\/div>\n<\/div>\n<\/div>\n<\/div>\n","protected":false},"excerpt":{"rendered":"<p>23 pessoas foram atendidas e liberadas. Segundo o Corpo de Bombeiros, a princ\u00edpio uma tromba d&#8217;\u00e1gua fez pedras deslizarem dos c\u00e2nions e atingir lanchas neste s\u00e1bado (8). Um deslizamento de pedras no Lago de Furnas, em\u00a0Capit\u00f3lio\u00a0(MG), a cerca de 300 km de\u00a0Belo Horizonte, atingiu tr\u00eas embarca\u00e7\u00f5es, com 34 pessoas, neste s\u00e1bado (8) e causou\u00a0cinco mortes. [&hellip;]<\/p>\n","protected":false},"author":1,"featured_media":58514,"comment_status":"closed","ping_status":"open","sticky":false,"template":"","format":"standard","meta":{"footnotes":""},"categories":[170,110],"tags":[],"class_list":["post-58513","post","type-post","status-publish","format-standard","has-post-thumbnail","hentry","category-acidentes","category-noticiasdestaque"],"_links":{"self":[{"href":"https:\/\/jorgezanoni.com.br\/2019\/wp-json\/wp\/v2\/posts\/58513","targetHints":{"allow":["GET"]}}],"collection":[{"href":"https:\/\/jorgezanoni.com.br\/2019\/wp-json\/wp\/v2\/posts"}],"about":[{"href":"https:\/\/jorgezanoni.com.br\/2019\/wp-json\/wp\/v2\/types\/post"}],"author":[{"embeddable":true,"href":"https:\/\/jorgezanoni.com.br\/2019\/wp-json\/wp\/v2\/users\/1"}],"replies":[{"embeddable":true,"href":"https:\/\/jorgezanoni.com.br\/2019\/wp-json\/wp\/v2\/comments?post=58513"}],"version-history":[{"count":0,"href":"https:\/\/jorgezanoni.com.br\/2019\/wp-json\/wp\/v2\/posts\/58513\/revisions"}],"wp:featuredmedia":[{"embeddable":true,"href":"https:\/\/jorgezanoni.com.br\/2019\/wp-json\/wp\/v2\/media\/58514"}],"wp:attachment":[{"href":"https:\/\/jorgezanoni.com.br\/2019\/wp-json\/wp\/v2\/media?parent=58513"}],"wp:term":[{"taxonomy":"category","embeddable":true,"href":"https:\/\/jorgezanoni.com.br\/2019\/wp-json\/wp\/v2\/categories?post=58513"},{"taxonomy":"post_tag","embeddable":true,"href":"https:\/\/jorgezanoni.com.br\/2019\/wp-json\/wp\/v2\/tags?post=58513"}],"curies":[{"name":"wp","href":"https:\/\/api.w.org\/{rel}","templated":true}]}}