{"id":58510,"date":"2022-01-08T20:08:38","date_gmt":"2022-01-08T20:08:38","guid":{"rendered":"https:\/\/jorgezanoni.com.br\/2019\/?p=58510"},"modified":"2022-01-08T20:08:38","modified_gmt":"2022-01-08T20:08:38","slug":"vigilancia-epidemiologica-de-dracena-confirma-morte-por-dengue-neste-comeco-de-2-022","status":"publish","type":"post","link":"https:\/\/jorgezanoni.com.br\/2019\/vigilancia-epidemiologica-de-dracena-confirma-morte-por-dengue-neste-comeco-de-2-022\/","title":{"rendered":"Vigil\u00e2ncia Epidemiol\u00f3gica de Dracena  confirma morte por Dengue neste come\u00e7o de 2.022"},"content":{"rendered":"<div class=\"ntc_resumo_noticia sw_lato_bold\" style=\"text-align: justify;\"><strong>Trata-se de uma mulher de 69 anos, que residia na \u00e1rea central da cidade.<\/strong><\/div>\n<div><\/div>\n<div class=\"ntc_descricao_noticia\">\n<div class=\"ntc_cont_descricao_noticia sw_txteditor\">\n<div style=\"text-align: justify;\">A Vigil\u00e2ncia Epidemiol\u00f3gica (VE) informa o registro de \u00f3bito por dengue no \u00faltimo domingo, dia 2\/01. Trata-se de uma mulher de 69 anos que morava na \u00e1rea central da cidade.<br \/>\nEla estava internada na Santa Casa de Dracena e indicou positivo para dengue.<br \/>\nA Vigil\u00e2ncia Epidemiol\u00f3gica (VE) fez o trabalho de bloqueio contra criadouros na regi\u00e3o onde a v\u00edtima residia e promoveu o trabalho de nebuliza\u00e7\u00e3o. Foi constatado que ela n\u00e3o havia viajado.<br \/>\nEstes primeiros dias de 2022, t\u00eam 5 casos positivos de dengue, conforme a VE. A equipe de agentes de controle de vetores est\u00e1 trabalhando em bloqueios de \u00e1reas onde h\u00e1 pessoas positivadas com a doen\u00e7a, fazendo nebuliza\u00e7\u00e3o e tamb\u00e9m em locais onde h\u00e1 casos suspeitos.<br \/>\nA nebuliza\u00e7\u00e3o s\u00f3 ocorre quando h\u00e1 casos positivos.<br \/>\nEst\u00e3o sendo encontrados muitos focos, larvas, em resid\u00eancias e estabelecimentos comerciais.<\/p>\n<p><strong>ESTAT\u00cdSTICAS DE DENGUE NA CIDADE\u00a0<\/strong><br \/>\nNo ano passado, foram 420 casos da dengue, e n\u00e3o houve mortes em decorr\u00eancia da doen\u00e7a.<\/div>\n<div style=\"text-align: justify;\">Em 2020, o munic\u00edpio viveu epidemia de dengue, com 3.065 casos positivos, por\u00e9m n\u00e3o houve \u00f3bitos.<br \/>\nA Vigil\u00e2ncia ressalta a popula\u00e7\u00e3o para n\u00e3o se descuidar da limpeza dos quintais principalmente, porque agora neste in\u00edcio de ano, com as pancadas de chuva, e sol quente, o mosquito Aedes aegypti procria com maior facilidade. As doen\u00e7as transmitidas pelo inseto n\u00e3o deixaram de existir, \u00e9 preciso todo cuidado.<\/div>\n<div><\/div>\n<\/div>\n<div>Fonte: Diretoria de Comunica\u00e7\u00e3o<\/div>\n<\/div>\n","protected":false},"excerpt":{"rendered":"<p>Trata-se de uma mulher de 69 anos, que residia na \u00e1rea central da cidade. A Vigil\u00e2ncia Epidemiol\u00f3gica (VE) informa o registro de \u00f3bito por dengue no \u00faltimo domingo, dia 2\/01. Trata-se de uma mulher de 69 anos que morava na \u00e1rea central da cidade. Ela estava internada na Santa Casa de Dracena e indicou positivo [&hellip;]<\/p>\n","protected":false},"author":1,"featured_media":58511,"comment_status":"closed","ping_status":"open","sticky":false,"template":"","format":"standard","meta":{"footnotes":""},"categories":[110,122],"tags":[],"class_list":["post-58510","post","type-post","status-publish","format-standard","has-post-thumbnail","hentry","category-noticiasdestaque","category-saudeeducacaoeconcurso"],"_links":{"self":[{"href":"https:\/\/jorgezanoni.com.br\/2019\/wp-json\/wp\/v2\/posts\/58510","targetHints":{"allow":["GET"]}}],"collection":[{"href":"https:\/\/jorgezanoni.com.br\/2019\/wp-json\/wp\/v2\/posts"}],"about":[{"href":"https:\/\/jorgezanoni.com.br\/2019\/wp-json\/wp\/v2\/types\/post"}],"author":[{"embeddable":true,"href":"https:\/\/jorgezanoni.com.br\/2019\/wp-json\/wp\/v2\/users\/1"}],"replies":[{"embeddable":true,"href":"https:\/\/jorgezanoni.com.br\/2019\/wp-json\/wp\/v2\/comments?post=58510"}],"version-history":[{"count":0,"href":"https:\/\/jorgezanoni.com.br\/2019\/wp-json\/wp\/v2\/posts\/58510\/revisions"}],"wp:featuredmedia":[{"embeddable":true,"href":"https:\/\/jorgezanoni.com.br\/2019\/wp-json\/wp\/v2\/media\/58511"}],"wp:attachment":[{"href":"https:\/\/jorgezanoni.com.br\/2019\/wp-json\/wp\/v2\/media?parent=58510"}],"wp:term":[{"taxonomy":"category","embeddable":true,"href":"https:\/\/jorgezanoni.com.br\/2019\/wp-json\/wp\/v2\/categories?post=58510"},{"taxonomy":"post_tag","embeddable":true,"href":"https:\/\/jorgezanoni.com.br\/2019\/wp-json\/wp\/v2\/tags?post=58510"}],"curies":[{"name":"wp","href":"https:\/\/api.w.org\/{rel}","templated":true}]}}