{"id":58504,"date":"2022-01-08T19:34:31","date_gmt":"2022-01-08T19:34:31","guid":{"rendered":"https:\/\/jorgezanoni.com.br\/2019\/?p=58504"},"modified":"2022-01-08T19:35:46","modified_gmt":"2022-01-08T19:35:46","slug":"policia-civil-recupera-motocicleta-furtada-durante-a-madrugada-no-conj-hab-virgilio-fioravente-em-dracena","status":"publish","type":"post","link":"https:\/\/jorgezanoni.com.br\/2019\/policia-civil-recupera-motocicleta-furtada-durante-a-madrugada-no-conj-hab-virgilio-fioravente-em-dracena\/","title":{"rendered":"Pol\u00edcia Civil recupera motocicleta furtada durante a madrugada no Conj. Hab. Virg\u00edlio Fioravante em Dracena."},"content":{"rendered":"<p style=\"text-align: justify;\"><strong>O furto ocorreu durante a madrugada desta sexta-feira (7), a motocicleta estava estacionada e travada defronte a resid\u00eancia da v\u00edtima.<\/strong><\/p>\n<p style=\"text-align: justify;\">A Pol\u00edcia Civil, por interm\u00e9dio das Unidades Agrupadas 1\u00ba e 2\u00ba DP de Dracena, com apoio da equipe do Plant\u00e3o Policial Permanente, recuperou nesta sexta-feira (7), uma motocicleta que havia sido furtada no per\u00edodo da madrugada de ontem. Ao que consta a v\u00edtima havia estacionado e travado a motocicleta defronte sua a resid\u00eancia, entrando as 5 horas, ao sair para trabalhar n\u00e3o a encontrou.<\/p>\n<p style=\"text-align: justify;\">Ap\u00f3s o registro da ocorr\u00eancia, policiais civis receberam informa\u00e7\u00f5es que a motocicleta havia sido furtada por um adolescente que reside pr\u00f3ximo do local do fato, imediatamente, os agentes deslocaram-se para o endere\u00e7o informado e viram a motocicleta estacionada defronte a casa do adolescente suspeito.<\/p>\n<p style=\"text-align: justify;\">No local os policiais civis mantiveram contato com a m\u00e3e do adolescente, que informou que seu filho estava no quarto e autorizou o ingresso dos policiais em sua resid\u00eancia.<\/p>\n<p style=\"text-align: justify;\">O adolescente, acompanhado de sua genitora, foram conduzidos e apresentados no Plant\u00e3o Central, onde confessou ter praticado o furto, afirmando que carregou sozinho a motocicleta para dentro de sua casa. Ap\u00f3s ser ouvido o menor foi liberado para sua genitora que assinou o termo de apresenta\u00e7\u00e3o e comparecimento em Ju\u00edzo.<\/p>\n<p style=\"text-align: justify;\">A motocicleta furtada foi apreendida e ap\u00f3s ser periciada ser\u00e1 restitu\u00edda a v\u00edtima.<\/p>\n<p><img loading=\"lazy\" decoding=\"async\" class=\"alignnone size-full wp-image-58505\" src=\"https:\/\/jorgezanoni.com.br\/2019\/wp-content\/uploads\/2022\/01\/moto.jpg\" alt=\"\" width=\"1080\" height=\"1388\" srcset=\"https:\/\/jorgezanoni.com.br\/2019\/wp-content\/uploads\/2022\/01\/moto.jpg 1080w, https:\/\/jorgezanoni.com.br\/2019\/wp-content\/uploads\/2022\/01\/moto-233x300.jpg 233w, https:\/\/jorgezanoni.com.br\/2019\/wp-content\/uploads\/2022\/01\/moto-797x1024.jpg 797w, https:\/\/jorgezanoni.com.br\/2019\/wp-content\/uploads\/2022\/01\/moto-768x987.jpg 768w, https:\/\/jorgezanoni.com.br\/2019\/wp-content\/uploads\/2022\/01\/moto-696x894.jpg 696w, https:\/\/jorgezanoni.com.br\/2019\/wp-content\/uploads\/2022\/01\/moto-1068x1373.jpg 1068w, https:\/\/jorgezanoni.com.br\/2019\/wp-content\/uploads\/2022\/01\/moto-327x420.jpg 327w\" sizes=\"auto, (max-width: 1080px) 100vw, 1080px\" \/><\/p>\n<p style=\"text-align: justify;\">Fonte: Com. Social Pol\u00edcia Civil<\/p>\n","protected":false},"excerpt":{"rendered":"<p>O furto ocorreu durante a madrugada desta sexta-feira (7), a motocicleta estava estacionada e travada defronte a resid\u00eancia da v\u00edtima. A Pol\u00edcia Civil, por interm\u00e9dio das Unidades Agrupadas 1\u00ba e 2\u00ba DP de Dracena, com apoio da equipe do Plant\u00e3o Policial Permanente, recuperou nesta sexta-feira (7), uma motocicleta que havia sido furtada no per\u00edodo da [&hellip;]<\/p>\n","protected":false},"author":1,"featured_media":58506,"comment_status":"closed","ping_status":"open","sticky":false,"template":"","format":"standard","meta":{"footnotes":""},"categories":[110,2],"tags":[],"class_list":["post-58504","post","type-post","status-publish","format-standard","has-post-thumbnail","hentry","category-noticiasdestaque","category-policial"],"_links":{"self":[{"href":"https:\/\/jorgezanoni.com.br\/2019\/wp-json\/wp\/v2\/posts\/58504","targetHints":{"allow":["GET"]}}],"collection":[{"href":"https:\/\/jorgezanoni.com.br\/2019\/wp-json\/wp\/v2\/posts"}],"about":[{"href":"https:\/\/jorgezanoni.com.br\/2019\/wp-json\/wp\/v2\/types\/post"}],"author":[{"embeddable":true,"href":"https:\/\/jorgezanoni.com.br\/2019\/wp-json\/wp\/v2\/users\/1"}],"replies":[{"embeddable":true,"href":"https:\/\/jorgezanoni.com.br\/2019\/wp-json\/wp\/v2\/comments?post=58504"}],"version-history":[{"count":0,"href":"https:\/\/jorgezanoni.com.br\/2019\/wp-json\/wp\/v2\/posts\/58504\/revisions"}],"wp:featuredmedia":[{"embeddable":true,"href":"https:\/\/jorgezanoni.com.br\/2019\/wp-json\/wp\/v2\/media\/58506"}],"wp:attachment":[{"href":"https:\/\/jorgezanoni.com.br\/2019\/wp-json\/wp\/v2\/media?parent=58504"}],"wp:term":[{"taxonomy":"category","embeddable":true,"href":"https:\/\/jorgezanoni.com.br\/2019\/wp-json\/wp\/v2\/categories?post=58504"},{"taxonomy":"post_tag","embeddable":true,"href":"https:\/\/jorgezanoni.com.br\/2019\/wp-json\/wp\/v2\/tags?post=58504"}],"curies":[{"name":"wp","href":"https:\/\/api.w.org\/{rel}","templated":true}]}}