{"id":58499,"date":"2022-01-08T18:32:41","date_gmt":"2022-01-08T18:32:41","guid":{"rendered":"https:\/\/jorgezanoni.com.br\/2019\/?p=58499"},"modified":"2022-01-08T18:32:41","modified_gmt":"2022-01-08T18:32:41","slug":"jovem-fica-ferido-em-acidente-entre-moto-e-micro-onibus-em-dracena","status":"publish","type":"post","link":"https:\/\/jorgezanoni.com.br\/2019\/jovem-fica-ferido-em-acidente-entre-moto-e-micro-onibus-em-dracena\/","title":{"rendered":"Jovem fica ferido em acidente entre moto e micro \u00f4nibus em Dracena"},"content":{"rendered":"<p><strong>Jovem de aproximadamente 20 anos que pilotava a Motocicleta foi socorrido ao Pronto Atendimento Municipal.<\/strong><\/p>\n<p style=\"text-align: justify;\">Por volta de 08:00 Horas deste s\u00e1bado (8), foi registrado um acidente de tr\u00e2nsito na esquina da Avenida Presidente Vargas com Rua Marechal Deodoro da Fonseca, regi\u00e3o central de Dracena.<\/p>\n<p style=\"text-align: justify;\">Segundo informa\u00e7\u00f5es obtidas no local pela reportagem do Site JZ, um jovem descia o sentido \u00fanico centro-bairro pela Avenida Presidente Vargas, com sua Motocicleta e teve a frente interceptada por um micro \u00f4nibus placas de Rosana\/SP pertencente a Prefeitura Municipal daquela cidade que fazia o sentido Cemit\u00e9rio ao Est\u00e1dio Irio Spinardi.<\/p>\n<p style=\"text-align: justify;\">Com o impacto da batida o jovem caiu ao ch\u00e3o e teve ferimentos considerados de natureza leve. Ele foi socorrida por uma Unidade de Resgate ao Pronto Atendimento Municipal.<\/p>\n<p>O micro \u00f4nibus veio trazer pacientes no AME (Ambulat\u00f3rio M\u00e9dico de Especialidades), por\u00e9m no momento do acidente apenas o motoristas estava no coletivo.<\/p>\n<p style=\"text-align: justify;\">Compareceram ao local a Pol\u00edcia Militar e Pol\u00edcia T\u00e9cnica.<\/p>\n<p><img loading=\"lazy\" decoding=\"async\" class=\"alignnone size-full wp-image-58500\" src=\"https:\/\/jorgezanoni.com.br\/2019\/wp-content\/uploads\/2022\/01\/Acid.-2.jpg\" alt=\"\" width=\"1488\" height=\"766\" srcset=\"https:\/\/jorgezanoni.com.br\/2019\/wp-content\/uploads\/2022\/01\/Acid.-2.jpg 1488w, https:\/\/jorgezanoni.com.br\/2019\/wp-content\/uploads\/2022\/01\/Acid.-2-300x154.jpg 300w, https:\/\/jorgezanoni.com.br\/2019\/wp-content\/uploads\/2022\/01\/Acid.-2-1024x527.jpg 1024w, https:\/\/jorgezanoni.com.br\/2019\/wp-content\/uploads\/2022\/01\/Acid.-2-768x395.jpg 768w, https:\/\/jorgezanoni.com.br\/2019\/wp-content\/uploads\/2022\/01\/Acid.-2-696x358.jpg 696w, https:\/\/jorgezanoni.com.br\/2019\/wp-content\/uploads\/2022\/01\/Acid.-2-1068x550.jpg 1068w, https:\/\/jorgezanoni.com.br\/2019\/wp-content\/uploads\/2022\/01\/Acid.-2-816x420.jpg 816w\" sizes=\"auto, (max-width: 1488px) 100vw, 1488px\" \/> <img loading=\"lazy\" decoding=\"async\" class=\"alignnone size-full wp-image-58502\" src=\"https:\/\/jorgezanoni.com.br\/2019\/wp-content\/uploads\/2022\/01\/Acid2-2.jpg\" alt=\"\" width=\"831\" height=\"677\" srcset=\"https:\/\/jorgezanoni.com.br\/2019\/wp-content\/uploads\/2022\/01\/Acid2-2.jpg 831w, https:\/\/jorgezanoni.com.br\/2019\/wp-content\/uploads\/2022\/01\/Acid2-2-300x244.jpg 300w, https:\/\/jorgezanoni.com.br\/2019\/wp-content\/uploads\/2022\/01\/Acid2-2-768x626.jpg 768w, https:\/\/jorgezanoni.com.br\/2019\/wp-content\/uploads\/2022\/01\/Acid2-2-696x567.jpg 696w, https:\/\/jorgezanoni.com.br\/2019\/wp-content\/uploads\/2022\/01\/Acid2-2-516x420.jpg 516w\" sizes=\"auto, (max-width: 831px) 100vw, 831px\" \/>Jorge Zanoni<\/p>\n","protected":false},"excerpt":{"rendered":"<p>Jovem de aproximadamente 20 anos que pilotava a Motocicleta foi socorrido ao Pronto Atendimento Municipal. Por volta de 08:00 Horas deste s\u00e1bado (8), foi registrado um acidente de tr\u00e2nsito na esquina da Avenida Presidente Vargas com Rua Marechal Deodoro da Fonseca, regi\u00e3o central de Dracena. Segundo informa\u00e7\u00f5es obtidas no local pela reportagem do Site JZ, [&hellip;]<\/p>\n","protected":false},"author":1,"featured_media":58501,"comment_status":"closed","ping_status":"open","sticky":false,"template":"","format":"standard","meta":{"footnotes":""},"categories":[170,110],"tags":[],"class_list":["post-58499","post","type-post","status-publish","format-standard","has-post-thumbnail","hentry","category-acidentes","category-noticiasdestaque"],"_links":{"self":[{"href":"https:\/\/jorgezanoni.com.br\/2019\/wp-json\/wp\/v2\/posts\/58499","targetHints":{"allow":["GET"]}}],"collection":[{"href":"https:\/\/jorgezanoni.com.br\/2019\/wp-json\/wp\/v2\/posts"}],"about":[{"href":"https:\/\/jorgezanoni.com.br\/2019\/wp-json\/wp\/v2\/types\/post"}],"author":[{"embeddable":true,"href":"https:\/\/jorgezanoni.com.br\/2019\/wp-json\/wp\/v2\/users\/1"}],"replies":[{"embeddable":true,"href":"https:\/\/jorgezanoni.com.br\/2019\/wp-json\/wp\/v2\/comments?post=58499"}],"version-history":[{"count":0,"href":"https:\/\/jorgezanoni.com.br\/2019\/wp-json\/wp\/v2\/posts\/58499\/revisions"}],"wp:featuredmedia":[{"embeddable":true,"href":"https:\/\/jorgezanoni.com.br\/2019\/wp-json\/wp\/v2\/media\/58501"}],"wp:attachment":[{"href":"https:\/\/jorgezanoni.com.br\/2019\/wp-json\/wp\/v2\/media?parent=58499"}],"wp:term":[{"taxonomy":"category","embeddable":true,"href":"https:\/\/jorgezanoni.com.br\/2019\/wp-json\/wp\/v2\/categories?post=58499"},{"taxonomy":"post_tag","embeddable":true,"href":"https:\/\/jorgezanoni.com.br\/2019\/wp-json\/wp\/v2\/tags?post=58499"}],"curies":[{"name":"wp","href":"https:\/\/api.w.org\/{rel}","templated":true}]}}