{"id":5849,"date":"2019-09-11T01:51:25","date_gmt":"2019-09-11T01:51:25","guid":{"rendered":"https:\/\/jorgezanoni.com.br\/2019\/?p=5849"},"modified":"2019-09-11T01:51:25","modified_gmt":"2019-09-11T01:51:25","slug":"adolescente-morre-afogado-no-rio-parana-em-presidente-epitacio","status":"publish","type":"post","link":"https:\/\/jorgezanoni.com.br\/2019\/adolescente-morre-afogado-no-rio-parana-em-presidente-epitacio\/","title":{"rendered":"Adolescente morre afogado no Rio Paran\u00e1 em Presidente Epit\u00e1cio"},"content":{"rendered":"<h2 class=\"content-head__subtitle\" style=\"text-align: justify;\"><strong>Garoto, de 16 anos, e um primo nadavam fora da \u00e1rea permitida aos banhistas. V\u00edtima foi localizada por mergulhadores do Corpo de Bombeiros a nove metros de profundidade.<\/strong><\/h2>\n<p style=\"text-align: justify;\"><img loading=\"lazy\" decoding=\"async\" class=\"alignnone size-full wp-image-5850\" src=\"https:\/\/jorgezanoni.com.br\/2019\/wp-content\/uploads\/2019\/09\/jovem.jpg\" alt=\"\" width=\"1000\" height=\"750\" srcset=\"https:\/\/jorgezanoni.com.br\/2019\/wp-content\/uploads\/2019\/09\/jovem.jpg 1000w, https:\/\/jorgezanoni.com.br\/2019\/wp-content\/uploads\/2019\/09\/jovem-300x225.jpg 300w, https:\/\/jorgezanoni.com.br\/2019\/wp-content\/uploads\/2019\/09\/jovem-768x576.jpg 768w, https:\/\/jorgezanoni.com.br\/2019\/wp-content\/uploads\/2019\/09\/jovem-80x60.jpg 80w, https:\/\/jorgezanoni.com.br\/2019\/wp-content\/uploads\/2019\/09\/jovem-265x198.jpg 265w, https:\/\/jorgezanoni.com.br\/2019\/wp-content\/uploads\/2019\/09\/jovem-696x522.jpg 696w, https:\/\/jorgezanoni.com.br\/2019\/wp-content\/uploads\/2019\/09\/jovem-560x420.jpg 560w\" sizes=\"auto, (max-width: 1000px) 100vw, 1000px\" \/>Bombeiros prestaram socorro ao adolescente, em Presidente Epit\u00e1cio \u2014 Foto: Osvaldo Bento<\/p>\n<div class=\"mc-column content-text active-extra-styles \" style=\"text-align: justify;\" data-block-type=\"unstyled\" data-block-weight=\"24\" data-block-id=\"2\">\n<p class=\"content-text__container \" data-track-category=\"Link no Texto\" data-track-links=\"\">Um adolescente de 16 anos, morador de\u00a0<a href=\"https:\/\/g1.globo.com\/sp\/bauru-marilia\/cidade\/assis-sp\/\">Assis\u00a0<\/a>(SP), morreu afogado na orla do Rio Paran\u00e1, em\u00a0<a href=\"https:\/\/g1.globo.com\/sp\/presidente-prudente-regiao\/cidade\/presidente-epitacio\/\">Presidente Epit\u00e1cio<\/a>, na tarde desta ter\u00e7a-feira (10).<\/p>\n<\/div>\n<div class=\"wall protected-content\">\n<div class=\"mc-column content-text active-extra-styles \" style=\"text-align: justify;\" data-block-type=\"unstyled\" data-block-weight=\"39\" data-block-id=\"3\">\n<p class=\"content-text__container \" data-track-category=\"Link no Texto\" data-track-links=\"\">Segundo o Corpo de Bombeiros, por volta das 15h20, a v\u00edtima nadava com seu primo, tamb\u00e9m de 16 anos, em uma \u00e1rea proibida, ou seja, fora da marca\u00e7\u00e3o permitida aos banhistas. Os dois n\u00e3o conseguiram retornar para a margem.<\/p>\n<\/div>\n<div class=\"mc-column content-text active-extra-styles \" style=\"text-align: justify;\" data-block-type=\"unstyled\" data-block-weight=\"29\" data-block-id=\"4\">\n<p class=\"content-text__container \" data-track-category=\"Link no Texto\" data-track-links=\"\">Banhistas que estavam no local conseguiram resgatar o primo da v\u00edtima. Os guarda-vidas tentaram salvar o garoto, mas por estar muito distante, foi carregado pela correnteza, conforme os bombeiros.<\/p>\n<\/div>\n<div class=\"mc-column content-text active-extra-styles \" style=\"text-align: justify;\" data-block-type=\"unstyled\" data-block-weight=\"24\" data-block-id=\"5\">\n<p class=\"content-text__container \" data-track-category=\"Link no Texto\" data-track-links=\"\">O adolescente ficou submerso por cerca de 40 minutos. Ele foi resgatado por mergulhadores dos bombeiros a nove metros de profundidade, segundo a corpora\u00e7\u00e3o.<\/p>\n<\/div>\n<div class=\"mc-column content-text active-extra-styles \" style=\"text-align: justify;\" data-block-type=\"unstyled\" data-block-weight=\"18\" data-block-id=\"6\">\n<p class=\"content-text__container \" data-track-category=\"Link no Texto\" data-track-links=\"\">A v\u00edtima recebeu os primeiros socorros no local e foi encaminhado para a Santa Casa, mas n\u00e3o resistiu.<\/p>\n<\/div>\n<div class=\"mc-column content-text active-extra-styles \" data-block-type=\"unstyled\" data-block-weight=\"13\" data-block-id=\"7\">\n<p class=\"content-text__container \" style=\"text-align: justify;\" data-track-category=\"Link no Texto\" data-track-links=\"\">Ainda de acordo com os bombeiros, os dois primos estavam desacompanhados de adultos.<\/p>\n<p style=\"text-align: justify;\" data-track-category=\"Link no Texto\" data-track-links=\"\">Fonte: G1<\/p>\n<\/div>\n<\/div>\n","protected":false},"excerpt":{"rendered":"<p>Garoto, de 16 anos, e um primo nadavam fora da \u00e1rea permitida aos banhistas. V\u00edtima foi localizada por mergulhadores do Corpo de Bombeiros a nove metros de profundidade. Bombeiros prestaram socorro ao adolescente, em Presidente Epit\u00e1cio \u2014 Foto: Osvaldo Bento Um adolescente de 16 anos, morador de\u00a0Assis\u00a0(SP), morreu afogado na orla do Rio Paran\u00e1, em\u00a0Presidente [&hellip;]<\/p>\n","protected":false},"author":1,"featured_media":5851,"comment_status":"closed","ping_status":"open","sticky":false,"template":"","format":"standard","meta":{"footnotes":""},"categories":[110,2],"tags":[],"class_list":["post-5849","post","type-post","status-publish","format-standard","has-post-thumbnail","hentry","category-noticiasdestaque","category-policial"],"_links":{"self":[{"href":"https:\/\/jorgezanoni.com.br\/2019\/wp-json\/wp\/v2\/posts\/5849","targetHints":{"allow":["GET"]}}],"collection":[{"href":"https:\/\/jorgezanoni.com.br\/2019\/wp-json\/wp\/v2\/posts"}],"about":[{"href":"https:\/\/jorgezanoni.com.br\/2019\/wp-json\/wp\/v2\/types\/post"}],"author":[{"embeddable":true,"href":"https:\/\/jorgezanoni.com.br\/2019\/wp-json\/wp\/v2\/users\/1"}],"replies":[{"embeddable":true,"href":"https:\/\/jorgezanoni.com.br\/2019\/wp-json\/wp\/v2\/comments?post=5849"}],"version-history":[{"count":0,"href":"https:\/\/jorgezanoni.com.br\/2019\/wp-json\/wp\/v2\/posts\/5849\/revisions"}],"wp:featuredmedia":[{"embeddable":true,"href":"https:\/\/jorgezanoni.com.br\/2019\/wp-json\/wp\/v2\/media\/5851"}],"wp:attachment":[{"href":"https:\/\/jorgezanoni.com.br\/2019\/wp-json\/wp\/v2\/media?parent=5849"}],"wp:term":[{"taxonomy":"category","embeddable":true,"href":"https:\/\/jorgezanoni.com.br\/2019\/wp-json\/wp\/v2\/categories?post=5849"},{"taxonomy":"post_tag","embeddable":true,"href":"https:\/\/jorgezanoni.com.br\/2019\/wp-json\/wp\/v2\/tags?post=5849"}],"curies":[{"name":"wp","href":"https:\/\/api.w.org\/{rel}","templated":true}]}}