{"id":58460,"date":"2022-01-07T21:52:38","date_gmt":"2022-01-07T21:52:38","guid":{"rendered":"https:\/\/jorgezanoni.com.br\/2019\/?p=58460"},"modified":"2022-01-07T22:04:36","modified_gmt":"2022-01-07T22:04:36","slug":"morre-dalva-frucri-aposentada-do-cartorio-civil-de-dracena","status":"publish","type":"post","link":"https:\/\/jorgezanoni.com.br\/2019\/morre-dalva-frucri-aposentada-do-cartorio-civil-de-dracena\/","title":{"rendered":"Morre Dalva Frucri, aposentada do Cart\u00f3rio Civil de Dracena"},"content":{"rendered":"<p style=\"text-align: justify;\">Comunicamos com pesar o falecimento da sra. Dalva Frucri Bogaz de 68 anos. Segundo informa\u00e7\u00f5es de familiares dias atr\u00e1s ela sofreu um acidente caseiro, caindo e batendo com a cabe\u00e7a, passou por exames, mas estava bem, hoje apresentou problemas e foi socorrida para o PAM onde acabou tendo paradas respirat\u00f3rias e n\u00e3o resistiu, vindo a \u00f3bito.<\/p>\n<p style=\"text-align: justify;\">Era vi\u00fava do saudoso Luiz Bogaz Hernandes, deixa o filho George, nora, neta, demais familiares e amigos.<\/p>\n<p style=\"text-align: justify;\">Em fevereiro de 2.019 o Site JZ teve a felicidade de comunicar a aposentadoria da Dalva, ap\u00f3s mais de 30 anos de servi\u00e7o. Veja mat\u00e9ria na \u00edntegra, no link: http:\/\/www.jorgezanoni.com.br\/site\/noticia\/especial\/funcionaria-do-cartario-de-registro-civil-tem-merecida-aposentadoria-apas-33-anos-de-bons-serviaos-prestados<\/p>\n<p>O Site JZ se solidariza com a fam\u00edlia e amigos neste dif\u00edcil momento.<\/p>\n<p>Jorge Zanoni<\/p>\n<p><img loading=\"lazy\" decoding=\"async\" class=\"alignnone size-full wp-image-58464\" src=\"https:\/\/jorgezanoni.com.br\/2019\/wp-content\/uploads\/2022\/01\/Dalva-fune.jpg\" alt=\"\" width=\"1280\" height=\"1279\" srcset=\"https:\/\/jorgezanoni.com.br\/2019\/wp-content\/uploads\/2022\/01\/Dalva-fune.jpg 1280w, https:\/\/jorgezanoni.com.br\/2019\/wp-content\/uploads\/2022\/01\/Dalva-fune-300x300.jpg 300w, https:\/\/jorgezanoni.com.br\/2019\/wp-content\/uploads\/2022\/01\/Dalva-fune-1024x1024.jpg 1024w, https:\/\/jorgezanoni.com.br\/2019\/wp-content\/uploads\/2022\/01\/Dalva-fune-150x150.jpg 150w, https:\/\/jorgezanoni.com.br\/2019\/wp-content\/uploads\/2022\/01\/Dalva-fune-768x767.jpg 768w, https:\/\/jorgezanoni.com.br\/2019\/wp-content\/uploads\/2022\/01\/Dalva-fune-696x695.jpg 696w, https:\/\/jorgezanoni.com.br\/2019\/wp-content\/uploads\/2022\/01\/Dalva-fune-1068x1067.jpg 1068w, https:\/\/jorgezanoni.com.br\/2019\/wp-content\/uploads\/2022\/01\/Dalva-fune-420x420.jpg 420w\" sizes=\"auto, (max-width: 1280px) 100vw, 1280px\" \/><\/p>\n","protected":false},"excerpt":{"rendered":"<p>Comunicamos com pesar o falecimento da sra. Dalva Frucri Bogaz de 68 anos. Segundo informa\u00e7\u00f5es de familiares dias atr\u00e1s ela sofreu um acidente caseiro, caindo e batendo com a cabe\u00e7a, passou por exames, mas estava bem, hoje apresentou problemas e foi socorrida para o PAM onde acabou tendo paradas respirat\u00f3rias e n\u00e3o resistiu, vindo a [&hellip;]<\/p>\n","protected":false},"author":1,"featured_media":58461,"comment_status":"closed","ping_status":"open","sticky":false,"template":"","format":"standard","meta":{"footnotes":""},"categories":[178,110],"tags":[],"class_list":["post-58460","post","type-post","status-publish","format-standard","has-post-thumbnail","hentry","category-notadefalecimento","category-noticiasdestaque"],"_links":{"self":[{"href":"https:\/\/jorgezanoni.com.br\/2019\/wp-json\/wp\/v2\/posts\/58460","targetHints":{"allow":["GET"]}}],"collection":[{"href":"https:\/\/jorgezanoni.com.br\/2019\/wp-json\/wp\/v2\/posts"}],"about":[{"href":"https:\/\/jorgezanoni.com.br\/2019\/wp-json\/wp\/v2\/types\/post"}],"author":[{"embeddable":true,"href":"https:\/\/jorgezanoni.com.br\/2019\/wp-json\/wp\/v2\/users\/1"}],"replies":[{"embeddable":true,"href":"https:\/\/jorgezanoni.com.br\/2019\/wp-json\/wp\/v2\/comments?post=58460"}],"version-history":[{"count":0,"href":"https:\/\/jorgezanoni.com.br\/2019\/wp-json\/wp\/v2\/posts\/58460\/revisions"}],"wp:featuredmedia":[{"embeddable":true,"href":"https:\/\/jorgezanoni.com.br\/2019\/wp-json\/wp\/v2\/media\/58461"}],"wp:attachment":[{"href":"https:\/\/jorgezanoni.com.br\/2019\/wp-json\/wp\/v2\/media?parent=58460"}],"wp:term":[{"taxonomy":"category","embeddable":true,"href":"https:\/\/jorgezanoni.com.br\/2019\/wp-json\/wp\/v2\/categories?post=58460"},{"taxonomy":"post_tag","embeddable":true,"href":"https:\/\/jorgezanoni.com.br\/2019\/wp-json\/wp\/v2\/tags?post=58460"}],"curies":[{"name":"wp","href":"https:\/\/api.w.org\/{rel}","templated":true}]}}