{"id":58427,"date":"2022-01-07T15:15:57","date_gmt":"2022-01-07T15:15:57","guid":{"rendered":"https:\/\/jorgezanoni.com.br\/2019\/?p=58427"},"modified":"2022-01-07T15:15:57","modified_gmt":"2022-01-07T15:15:57","slug":"policia-civil-identifica-autor-de-furto-e-recupera-equipamentos-de-informatica-furtados-da-biblioteca-municipal-de-pauliceia","status":"publish","type":"post","link":"https:\/\/jorgezanoni.com.br\/2019\/policia-civil-identifica-autor-de-furto-e-recupera-equipamentos-de-informatica-furtados-da-biblioteca-municipal-de-pauliceia\/","title":{"rendered":"Pol\u00edcia Civil identifica autor de furto e recupera equipamentos de inform\u00e1tica furtados da Biblioteca Municipal de Paulic\u00e9ia"},"content":{"rendered":"<p style=\"text-align: justify;\">POL\u00cdCIA CIVIL IDENTIFICA AUTOR DE FURTO E RECUPERA EQUIPAMENTOS DE INFORM\u00c1TICA FURTADOS DA BIBLIOTECA MUNICIPAL DE PAULIC\u00c9IA<\/p>\n<p style=\"text-align: justify;\">CPU, teclado, monitor e um estabilizador de energia foram recuperados e ser\u00e3o restitu\u00eddos \u00e0 Biblioteca Municipal de Paulic\u00e9ia. O suspeito foi identificado, confessou o crime e foi indiciado por furto qualificado.<\/p>\n<p style=\"text-align: justify;\">A Pol\u00edcia Civil, por interm\u00e9dio da Delegacia de Pol\u00edcia de Paulic\u00e9ia, recuperou nesta quinta-feira (6), equipamentos de inform\u00e1tica que haviam sido furtados da Biblioteca Municipal de Paulic\u00e9ia. O furto ocorreu na \u00faltima quarta-feira (5\/12).<\/p>\n<p style=\"text-align: justify;\">A Pol\u00edcia Civil logo ap\u00f3s o fato ser registrado, iniciou as apura\u00e7\u00f5es investigativas e conseguiu localizar uma pessoa suspeita, um homem, de 21 anos. Em confronto com provas obtidas ao longo das investiga\u00e7\u00f5es, o investigado confessou o furto e indicou que os objetos estavam na resid\u00eancia de um familiar.<\/p>\n<p style=\"text-align: justify;\">Os itens de inform\u00e1tica furtados (CPU, teclado, monitor e estabilizador de energia) foram recuperados e apreendidos, e posteriormente ser\u00e3o restitu\u00eddos para Prefeitura de Paulic\u00e9ia que \u00e9 respons\u00e1vel pela administra\u00e7\u00e3o da biblioteca p\u00fablica. E por n\u00e3o haver presente o estado de flagr\u00e2ncia, o investigado foi interrogado e indiciado por crime de furto qualificado.<\/p>\n<p style=\"text-align: justify;\">Fonte: Com. Social Pol\u00edcia Civil<\/p>\n","protected":false},"excerpt":{"rendered":"<p>POL\u00cdCIA CIVIL IDENTIFICA AUTOR DE FURTO E RECUPERA EQUIPAMENTOS DE INFORM\u00c1TICA FURTADOS DA BIBLIOTECA MUNICIPAL DE PAULIC\u00c9IA CPU, teclado, monitor e um estabilizador de energia foram recuperados e ser\u00e3o restitu\u00eddos \u00e0 Biblioteca Municipal de Paulic\u00e9ia. O suspeito foi identificado, confessou o crime e foi indiciado por furto qualificado. A Pol\u00edcia Civil, por interm\u00e9dio da Delegacia [&hellip;]<\/p>\n","protected":false},"author":1,"featured_media":58428,"comment_status":"closed","ping_status":"open","sticky":false,"template":"","format":"standard","meta":{"footnotes":""},"categories":[110,2],"tags":[],"class_list":["post-58427","post","type-post","status-publish","format-standard","has-post-thumbnail","hentry","category-noticiasdestaque","category-policial"],"_links":{"self":[{"href":"https:\/\/jorgezanoni.com.br\/2019\/wp-json\/wp\/v2\/posts\/58427","targetHints":{"allow":["GET"]}}],"collection":[{"href":"https:\/\/jorgezanoni.com.br\/2019\/wp-json\/wp\/v2\/posts"}],"about":[{"href":"https:\/\/jorgezanoni.com.br\/2019\/wp-json\/wp\/v2\/types\/post"}],"author":[{"embeddable":true,"href":"https:\/\/jorgezanoni.com.br\/2019\/wp-json\/wp\/v2\/users\/1"}],"replies":[{"embeddable":true,"href":"https:\/\/jorgezanoni.com.br\/2019\/wp-json\/wp\/v2\/comments?post=58427"}],"version-history":[{"count":0,"href":"https:\/\/jorgezanoni.com.br\/2019\/wp-json\/wp\/v2\/posts\/58427\/revisions"}],"wp:featuredmedia":[{"embeddable":true,"href":"https:\/\/jorgezanoni.com.br\/2019\/wp-json\/wp\/v2\/media\/58428"}],"wp:attachment":[{"href":"https:\/\/jorgezanoni.com.br\/2019\/wp-json\/wp\/v2\/media?parent=58427"}],"wp:term":[{"taxonomy":"category","embeddable":true,"href":"https:\/\/jorgezanoni.com.br\/2019\/wp-json\/wp\/v2\/categories?post=58427"},{"taxonomy":"post_tag","embeddable":true,"href":"https:\/\/jorgezanoni.com.br\/2019\/wp-json\/wp\/v2\/tags?post=58427"}],"curies":[{"name":"wp","href":"https:\/\/api.w.org\/{rel}","templated":true}]}}