{"id":58424,"date":"2022-01-07T14:15:40","date_gmt":"2022-01-07T14:15:40","guid":{"rendered":"https:\/\/jorgezanoni.com.br\/2019\/?p=58424"},"modified":"2022-01-07T14:15:40","modified_gmt":"2022-01-07T14:15:40","slug":"policia-militar-esclarece-furto-e-receptacao-e-recupera-todos-os-objetos-em-ouro-verde","status":"publish","type":"post","link":"https:\/\/jorgezanoni.com.br\/2019\/policia-militar-esclarece-furto-e-receptacao-e-recupera-todos-os-objetos-em-ouro-verde\/","title":{"rendered":"Policia Militar esclarece furto e recepta\u00e7\u00e3o e recupera todos os objetos em Ouro Verde"},"content":{"rendered":"<p style=\"text-align: justify;\">Ap\u00f3s receber den\u00fancia an\u00f4nima, a equipe de For\u00e7a T\u00e1tica localizou o indiciado, um rapaz, de 21anos, que estava de posse de objetos furtados em uma resid\u00eancia, em data anterior.<\/p>\n<p style=\"text-align: justify;\">Diante das den\u00fancias, as equipes da Pol\u00edcia Militar se deslocaram at\u00e9 a resid\u00eancia e, ap\u00f3s autorizada a entrada, foram localizados dentro de um quartinho, na frente da casa, uma televis\u00e3o, de 32 polegadas e 3 bicicletas, sendo duas desmontadas.<\/p>\n<p style=\"text-align: justify;\">Ao ser abordado o indiciado, na resid\u00eancia da m\u00e3e, sentado na calcada, perguntado ao mesmo sobre os objetos furtados, informou que um ventilador estava na casa de sua m\u00e3e, a motosserra na casa de seu pai e o restante dos objetos havia vendido a um individuo de Ouro Verde.<\/p>\n<p style=\"text-align: justify;\">A equipe se deslocou at\u00e9 a casa do pai do indiciado, de 32 anos, onde, ao ser informado, de pronto entregou a motosserra e informou que n\u00e3o sabia que era produto de furto.<\/p>\n<p style=\"text-align: justify;\">Ao se deslocarem at\u00e9 a casa do outro indiciado, o mesmo informou que havia comprado alguns objetos e de imediato autorizou a entrada na resid\u00eancia, informando o local em que estavam os objetos e que tamb\u00e9m n\u00e3o sabia que eram furtados.<\/p>\n<p style=\"text-align: justify;\">Diante dos fatos, foi elaborado BO, sendo as partes ouvidas e liberadas.<\/p>\n<p style=\"text-align: justify;\">Fonte: Com. Social Pol\u00edcia Militar<\/p>\n","protected":false},"excerpt":{"rendered":"<p>Ap\u00f3s receber den\u00fancia an\u00f4nima, a equipe de For\u00e7a T\u00e1tica localizou o indiciado, um rapaz, de 21anos, que estava de posse de objetos furtados em uma resid\u00eancia, em data anterior. Diante das den\u00fancias, as equipes da Pol\u00edcia Militar se deslocaram at\u00e9 a resid\u00eancia e, ap\u00f3s autorizada a entrada, foram localizados dentro de um quartinho, na frente [&hellip;]<\/p>\n","protected":false},"author":1,"featured_media":58425,"comment_status":"closed","ping_status":"open","sticky":false,"template":"","format":"standard","meta":{"footnotes":""},"categories":[110,2],"tags":[],"class_list":["post-58424","post","type-post","status-publish","format-standard","has-post-thumbnail","hentry","category-noticiasdestaque","category-policial"],"_links":{"self":[{"href":"https:\/\/jorgezanoni.com.br\/2019\/wp-json\/wp\/v2\/posts\/58424","targetHints":{"allow":["GET"]}}],"collection":[{"href":"https:\/\/jorgezanoni.com.br\/2019\/wp-json\/wp\/v2\/posts"}],"about":[{"href":"https:\/\/jorgezanoni.com.br\/2019\/wp-json\/wp\/v2\/types\/post"}],"author":[{"embeddable":true,"href":"https:\/\/jorgezanoni.com.br\/2019\/wp-json\/wp\/v2\/users\/1"}],"replies":[{"embeddable":true,"href":"https:\/\/jorgezanoni.com.br\/2019\/wp-json\/wp\/v2\/comments?post=58424"}],"version-history":[{"count":0,"href":"https:\/\/jorgezanoni.com.br\/2019\/wp-json\/wp\/v2\/posts\/58424\/revisions"}],"wp:featuredmedia":[{"embeddable":true,"href":"https:\/\/jorgezanoni.com.br\/2019\/wp-json\/wp\/v2\/media\/58425"}],"wp:attachment":[{"href":"https:\/\/jorgezanoni.com.br\/2019\/wp-json\/wp\/v2\/media?parent=58424"}],"wp:term":[{"taxonomy":"category","embeddable":true,"href":"https:\/\/jorgezanoni.com.br\/2019\/wp-json\/wp\/v2\/categories?post=58424"},{"taxonomy":"post_tag","embeddable":true,"href":"https:\/\/jorgezanoni.com.br\/2019\/wp-json\/wp\/v2\/tags?post=58424"}],"curies":[{"name":"wp","href":"https:\/\/api.w.org\/{rel}","templated":true}]}}