{"id":58421,"date":"2022-01-07T13:36:06","date_gmt":"2022-01-07T13:36:06","guid":{"rendered":"https:\/\/jorgezanoni.com.br\/2019\/?p=58421"},"modified":"2022-01-07T13:36:06","modified_gmt":"2022-01-07T13:36:06","slug":"emdaep-esclarece-quais-os-servicos-que-realiza-no-conjunto-florindo-tabacchi","status":"publish","type":"post","link":"https:\/\/jorgezanoni.com.br\/2019\/emdaep-esclarece-quais-os-servicos-que-realiza-no-conjunto-florindo-tabacchi\/","title":{"rendered":"EMDAEP esclarece quais os servi\u00e7os que realiza no Conjunto Florindo Tabacchi"},"content":{"rendered":"<p style=\"text-align: justify;\">Diante de reclama\u00e7\u00f5es de moradores sobre problemas nas resid\u00eancias do Conjunto Prefeito Florindo Tabacchi, a EMDAEP esclarece que a sua fun\u00e7\u00e3o \u00e9 realizar as liga\u00e7\u00f5es de \u00e1gua e esgoto, ou seja, apenas servi\u00e7os na parte externa do im\u00f3vel. Ainda ocorre a manuten\u00e7\u00e3o das redes de \u00e1gua e esgoto, esta\u00e7\u00e3o elevat\u00f3ria, po\u00e7o e reservat\u00f3rio geral do bairro.<\/p>\n<p style=\"text-align: justify;\">Com refer\u00eancia a tubula\u00e7\u00f5es internas das casas e falta de liga\u00e7\u00e3o da \u00e1gua no reservat\u00f3rio do im\u00f3vel, a responsabilidade \u00e9 da construtora, que est\u00e1 sob contrato com a CDHU.<\/p>\n<p style=\"text-align: justify;\">A EMDAEP est\u00e1 \u00e0 disposi\u00e7\u00e3o para mais esclarecimentos sobre os servi\u00e7os que s\u00e3o de sua responsabilidade.<\/p>\n<p style=\"text-align: justify;\">Ass. Rela\u00e7\u00f5es P\u00fablicas da EMDAEP<\/p>\n","protected":false},"excerpt":{"rendered":"<p>Diante de reclama\u00e7\u00f5es de moradores sobre problemas nas resid\u00eancias do Conjunto Prefeito Florindo Tabacchi, a EMDAEP esclarece que a sua fun\u00e7\u00e3o \u00e9 realizar as liga\u00e7\u00f5es de \u00e1gua e esgoto, ou seja, apenas servi\u00e7os na parte externa do im\u00f3vel. Ainda ocorre a manuten\u00e7\u00e3o das redes de \u00e1gua e esgoto, esta\u00e7\u00e3o elevat\u00f3ria, po\u00e7o e reservat\u00f3rio geral do [&hellip;]<\/p>\n","protected":false},"author":1,"featured_media":58422,"comment_status":"closed","ping_status":"open","sticky":false,"template":"","format":"standard","meta":{"footnotes":""},"categories":[179,184,110],"tags":[],"class_list":["post-58421","post","type-post","status-publish","format-standard","has-post-thumbnail","hentry","category-cidadeseregiao","category-dracena","category-noticiasdestaque"],"_links":{"self":[{"href":"https:\/\/jorgezanoni.com.br\/2019\/wp-json\/wp\/v2\/posts\/58421","targetHints":{"allow":["GET"]}}],"collection":[{"href":"https:\/\/jorgezanoni.com.br\/2019\/wp-json\/wp\/v2\/posts"}],"about":[{"href":"https:\/\/jorgezanoni.com.br\/2019\/wp-json\/wp\/v2\/types\/post"}],"author":[{"embeddable":true,"href":"https:\/\/jorgezanoni.com.br\/2019\/wp-json\/wp\/v2\/users\/1"}],"replies":[{"embeddable":true,"href":"https:\/\/jorgezanoni.com.br\/2019\/wp-json\/wp\/v2\/comments?post=58421"}],"version-history":[{"count":0,"href":"https:\/\/jorgezanoni.com.br\/2019\/wp-json\/wp\/v2\/posts\/58421\/revisions"}],"wp:featuredmedia":[{"embeddable":true,"href":"https:\/\/jorgezanoni.com.br\/2019\/wp-json\/wp\/v2\/media\/58422"}],"wp:attachment":[{"href":"https:\/\/jorgezanoni.com.br\/2019\/wp-json\/wp\/v2\/media?parent=58421"}],"wp:term":[{"taxonomy":"category","embeddable":true,"href":"https:\/\/jorgezanoni.com.br\/2019\/wp-json\/wp\/v2\/categories?post=58421"},{"taxonomy":"post_tag","embeddable":true,"href":"https:\/\/jorgezanoni.com.br\/2019\/wp-json\/wp\/v2\/tags?post=58421"}],"curies":[{"name":"wp","href":"https:\/\/api.w.org\/{rel}","templated":true}]}}