{"id":5842,"date":"2019-09-11T00:46:09","date_gmt":"2019-09-11T00:46:09","guid":{"rendered":"https:\/\/jorgezanoni.com.br\/2019\/?p=5842"},"modified":"2019-09-11T00:46:43","modified_gmt":"2019-09-11T00:46:43","slug":"policia-militar-prende-homem-por-embriaguez-ao-volante-e-porte-de-drogas-em-junqueiropolis","status":"publish","type":"post","link":"https:\/\/jorgezanoni.com.br\/2019\/policia-militar-prende-homem-por-embriaguez-ao-volante-e-porte-de-drogas-em-junqueiropolis\/","title":{"rendered":"Pol\u00edcia Militar prende homem por embriaguez ao volante e porte de Drogas em Junqueir\u00f3polis"},"content":{"rendered":"<p style=\"font-weight: 400; text-align: justify;\">Na manh\u00e3 desta segunda-feira (9), um homem de 39 anos foi preso em flagrante pela Pol\u00edcia Militar em Junqueir\u00f3polis. O autor G.J.F.C, conduzia um ve\u00edculo C4\/Pallas, de forma perigosa pela rodovia SP-294, onde foi abordado e constatado estado aparente de embriaguez. Na busca pessoal, nada de il\u00edcito foi encontrado, por\u00e9m em buscas no interior do carro foram localizadas 10 por\u00e7\u00f5es de crack no compartimento da porta do lado do motorista. Diante do fato foi dada voz de pris\u00e3o em flagrante delito, sendo que o autor permaneceu preso \u00e0 disposi\u00e7\u00e3o da justi\u00e7a.<\/p>\n<p style=\"font-weight: 400; text-align: justify;\">#25BPMI<\/p>\n<p style=\"font-weight: 400; text-align: justify;\">#POLICIAMILITARSP<\/p>\n<p style=\"font-weight: 400; text-align: justify;\">#AFOR\u00c7AP\u00daBLICADES\u00c3OPAULO<\/p>\n<p style=\"font-weight: 400; text-align: justify;\">Fonte: COMUNICA\u00c7\u00c3O SOCIAL DO 25\u00ba BPM\/I &#8211; Dracena e regi\u00e3o.<\/p>\n","protected":false},"excerpt":{"rendered":"<p>Na manh\u00e3 desta segunda-feira (9), um homem de 39 anos foi preso em flagrante pela Pol\u00edcia Militar em Junqueir\u00f3polis. O autor G.J.F.C, conduzia um ve\u00edculo C4\/Pallas, de forma perigosa pela rodovia SP-294, onde foi abordado e constatado estado aparente de embriaguez. Na busca pessoal, nada de il\u00edcito foi encontrado, por\u00e9m em buscas no interior do [&hellip;]<\/p>\n","protected":false},"author":1,"featured_media":5843,"comment_status":"closed","ping_status":"open","sticky":false,"template":"","format":"standard","meta":{"footnotes":""},"categories":[2],"tags":[],"class_list":["post-5842","post","type-post","status-publish","format-standard","has-post-thumbnail","hentry","category-policial"],"_links":{"self":[{"href":"https:\/\/jorgezanoni.com.br\/2019\/wp-json\/wp\/v2\/posts\/5842","targetHints":{"allow":["GET"]}}],"collection":[{"href":"https:\/\/jorgezanoni.com.br\/2019\/wp-json\/wp\/v2\/posts"}],"about":[{"href":"https:\/\/jorgezanoni.com.br\/2019\/wp-json\/wp\/v2\/types\/post"}],"author":[{"embeddable":true,"href":"https:\/\/jorgezanoni.com.br\/2019\/wp-json\/wp\/v2\/users\/1"}],"replies":[{"embeddable":true,"href":"https:\/\/jorgezanoni.com.br\/2019\/wp-json\/wp\/v2\/comments?post=5842"}],"version-history":[{"count":0,"href":"https:\/\/jorgezanoni.com.br\/2019\/wp-json\/wp\/v2\/posts\/5842\/revisions"}],"wp:featuredmedia":[{"embeddable":true,"href":"https:\/\/jorgezanoni.com.br\/2019\/wp-json\/wp\/v2\/media\/5843"}],"wp:attachment":[{"href":"https:\/\/jorgezanoni.com.br\/2019\/wp-json\/wp\/v2\/media?parent=5842"}],"wp:term":[{"taxonomy":"category","embeddable":true,"href":"https:\/\/jorgezanoni.com.br\/2019\/wp-json\/wp\/v2\/categories?post=5842"},{"taxonomy":"post_tag","embeddable":true,"href":"https:\/\/jorgezanoni.com.br\/2019\/wp-json\/wp\/v2\/tags?post=5842"}],"curies":[{"name":"wp","href":"https:\/\/api.w.org\/{rel}","templated":true}]}}