{"id":58389,"date":"2022-01-06T21:31:28","date_gmt":"2022-01-06T21:31:28","guid":{"rendered":"https:\/\/jorgezanoni.com.br\/2019\/?p=58389"},"modified":"2022-01-06T21:31:28","modified_gmt":"2022-01-06T21:31:28","slug":"tubulacao-comeca-a-ser-implantada-na-galeria-da-rua-ipiranga","status":"publish","type":"post","link":"https:\/\/jorgezanoni.com.br\/2019\/tubulacao-comeca-a-ser-implantada-na-galeria-da-rua-ipiranga\/","title":{"rendered":"Tubula\u00e7\u00e3o come\u00e7a a ser implantada na galeria da Rua Ipiranga"},"content":{"rendered":"<p style=\"text-align: justify;\">A galeria que interligar\u00e1 a Rua Ipiranga com a Rua Marechal Deodoro da Fonseca, no Jardim Jussara, est\u00e1 em constru\u00e7\u00e3o.<\/p>\n<p style=\"text-align: justify;\">O dissipador da \u00e1gua no final da galeria est\u00e1 sendo constru\u00eddo para a coloca\u00e7\u00e3o de fila dupla de tubos a partir da Rua Marechal Deodoro em dire\u00e7\u00e3o \u00e0 Rua Ipiranga.<\/p>\n<p style=\"text-align: justify;\">O prefeito Andr\u00e9 Lemos, o vice Guido Francisco Baggio (presidente da EMDAEP) e os secret\u00e1rios Ademar do Gesso e Serginho Baravelli visitaram o local na quarta-feira. As obras ser\u00e3o realizadas ao longo deste primeiro semestre de 2022 para evitar alagamentos na Rua Ipiranga e vias pr\u00f3ximas.<\/p>\n<p style=\"text-align: justify;\">Ass. Rela\u00e7\u00f5es P\u00fablicas da EMDAEP<\/p>\n","protected":false},"excerpt":{"rendered":"<p>A galeria que interligar\u00e1 a Rua Ipiranga com a Rua Marechal Deodoro da Fonseca, no Jardim Jussara, est\u00e1 em constru\u00e7\u00e3o. O dissipador da \u00e1gua no final da galeria est\u00e1 sendo constru\u00eddo para a coloca\u00e7\u00e3o de fila dupla de tubos a partir da Rua Marechal Deodoro em dire\u00e7\u00e3o \u00e0 Rua Ipiranga. O prefeito Andr\u00e9 Lemos, o [&hellip;]<\/p>\n","protected":false},"author":1,"featured_media":58390,"comment_status":"closed","ping_status":"open","sticky":false,"template":"","format":"standard","meta":{"footnotes":""},"categories":[179,184,110],"tags":[],"class_list":["post-58389","post","type-post","status-publish","format-standard","has-post-thumbnail","hentry","category-cidadeseregiao","category-dracena","category-noticiasdestaque"],"_links":{"self":[{"href":"https:\/\/jorgezanoni.com.br\/2019\/wp-json\/wp\/v2\/posts\/58389","targetHints":{"allow":["GET"]}}],"collection":[{"href":"https:\/\/jorgezanoni.com.br\/2019\/wp-json\/wp\/v2\/posts"}],"about":[{"href":"https:\/\/jorgezanoni.com.br\/2019\/wp-json\/wp\/v2\/types\/post"}],"author":[{"embeddable":true,"href":"https:\/\/jorgezanoni.com.br\/2019\/wp-json\/wp\/v2\/users\/1"}],"replies":[{"embeddable":true,"href":"https:\/\/jorgezanoni.com.br\/2019\/wp-json\/wp\/v2\/comments?post=58389"}],"version-history":[{"count":0,"href":"https:\/\/jorgezanoni.com.br\/2019\/wp-json\/wp\/v2\/posts\/58389\/revisions"}],"wp:featuredmedia":[{"embeddable":true,"href":"https:\/\/jorgezanoni.com.br\/2019\/wp-json\/wp\/v2\/media\/58390"}],"wp:attachment":[{"href":"https:\/\/jorgezanoni.com.br\/2019\/wp-json\/wp\/v2\/media?parent=58389"}],"wp:term":[{"taxonomy":"category","embeddable":true,"href":"https:\/\/jorgezanoni.com.br\/2019\/wp-json\/wp\/v2\/categories?post=58389"},{"taxonomy":"post_tag","embeddable":true,"href":"https:\/\/jorgezanoni.com.br\/2019\/wp-json\/wp\/v2\/tags?post=58389"}],"curies":[{"name":"wp","href":"https:\/\/api.w.org\/{rel}","templated":true}]}}