{"id":5838,"date":"2019-09-11T00:25:38","date_gmt":"2019-09-11T00:25:38","guid":{"rendered":"https:\/\/jorgezanoni.com.br\/2019\/?p=5838"},"modified":"2019-09-11T00:26:50","modified_gmt":"2019-09-11T00:26:50","slug":"associacao-dos-delegados-de-policia-do-estado-de-sp-participam-da-campanha-de-cosncientizacao-sobre-a-prevencao-do-suicidio","status":"publish","type":"post","link":"https:\/\/jorgezanoni.com.br\/2019\/associacao-dos-delegados-de-policia-do-estado-de-sp-participam-da-campanha-de-cosncientizacao-sobre-a-prevencao-do-suicidio\/","title":{"rendered":"Associa\u00e7\u00e3o dos Delegados de Pol\u00edcia do Estado de SP, participa da campanha de cosncientiza\u00e7\u00e3o sobre a preven\u00e7\u00e3o do suic\u00eddio"},"content":{"rendered":"<p style=\"text-align: justify;\">A campanha de conscientiza\u00e7\u00e3o sobre a preven\u00e7\u00e3o do suic\u00eddio foi criada no Brasil em 2015. A proposta de pintar, iluminar e estampar o amarelo nas mais diversas resolu\u00e7\u00f5es, garante mais visibilidade \u00e0 causa.<\/p>\n<p style=\"text-align: justify;\">De acordo com a OMS, 9 em cada 10 suic\u00eddios podem ser evitados, e a primeira medida preventiva \u00e9 a educa\u00e7\u00e3o. \u00c9 preciso perder o medo de se falar sobre o assunto. O caminho \u00e9 quebrar tabus e compartilhar informa\u00e7\u00f5es. Esclarecer, conscientizar, estimular o di\u00e1logo e abrir es<span class=\"text_exposed_show\">pa\u00e7o para campanhas contribuem para tirar o assunto da invisibilidade e, assim, mudar essa realidade.<\/span><\/p>\n<div class=\"text_exposed_show\">\n<p style=\"text-align: justify;\">O Centro de Valoriza\u00e7\u00e3o da Vida mant\u00e9m diferentes canais de atendimento para quem busca apoio ou informa\u00e7\u00f5es sobre o assunto. O contato pode ser via chat online, e-mail, telefone ou at\u00e9 mesmo presencial. Acesse o site\u00a0<a href=\"http:\/\/www.cvv.org.br\/quero-conversar?fbclid=IwAR0QJFghvW088BmaFWipC0LKrYVlQln00ff8t3mu8xPw-aBhCKGkcpeSswY\" target=\"_blank\" rel=\"noopener nofollow noreferrer\" data-ft=\"{&quot;tn&quot;:&quot;-U&quot;}\" data-lynx-mode=\"async\" data-lynx-uri=\"https:\/\/l.facebook.com\/l.php?u=http%3A%2F%2Fwww.cvv.org.br%2Fquero-conversar%3Ffbclid%3DIwAR0QJFghvW088BmaFWipC0LKrYVlQln00ff8t3mu8xPw-aBhCKGkcpeSswY&amp;h=AT1KnSaVP93y3Cc2ffYDQa-mrvs_Oxb3VzeRZ0CyzQt2-4Ok3QW1NCqeOD3ivlT9ZhCBkUKaZaklsLGR9idcOb2wYpz7R6HS9JUUqSFXTjnKXHASKXWDPSPCAcSI24EmD8_AeWLMlPAhc4xAWXJD-wqe-gD9cwUK3nrZr66vefotDCrzXseYEjMS4U832i-ULUDZR6eHvklaNAw32BeZt98duespYwztaZGL1I_bNTYD9nVIejWS9tRmFHW5Wrbm1M7m6ji_5u4tbKnbf8Ng2o3GF5mPlIb1LKvFnwjOo_HQ4JvtXacnPlu1TXkXxTMt5g8SNDaA3tGavTIVrH4Lfcp6ra8w3VjTvJr2CiKHi7rsMv0OJgnS3FZp0h73GNqpOP9Gon6AGl8jQHDPxbRwQeOLsj1iY5HH4mfTmrDMP7AW5-F10o_y5FmXFp__m3SzZci1Sq662Q1dezkIkXYMP4kRHQSG9jTyDqXahlLnQkAgrIj1KZuOQb36ScHlAP0_ykzAP12V_FrfjWvhj-9W4_tYpwCnhdFxH_u_bZnY0c30Le3_Cgmfsd2M_PuaQ287c79KmhfKNQU1Fsk9a-rIp7EM0Y6I-LkG_m2FdLZzapcS6-sp7KyVRGXI9bGIUApSdNTpSw\">www.cvv.org.br\/quero-conversar<\/a><\/p>\n<p style=\"text-align: justify;\"><a class=\"_58cn\" href=\"https:\/\/www.facebook.com\/hashtag\/setembroamarelo?source=feed_text&amp;epa=HASHTAG&amp;__xts__%5B0%5D=68.ARApAJ3APnsgpfzH1uYsyyT3AQC3fSy2tC-yhMdjVwTkB2iA7wkiZaxpx4TToWGaISVi5wqKCRoZPa-0tKiXO6npmIhvrFmRFqqsBG7jHya3PyiJgnOxjNhozY4QT7wxS1YY3TaLQYBbkzKJkKt2b46WopB44cAnb-iLq3t6bIfJmd3rnDSMJda2osNCKA-WSQ4wK1w_7tGCngtSNZ6X_sUC2eZe8Fm75LQwRQ1t8DDDPnzJDr2lRxEevbtUOwhRJt1v4bc6X1xG8DD2VlQ_-9mjig3mgXFJMBE2kuXq_89mChEvJHjShlIt2uC3lgfPVd1nN9vJZT2aDMrGWE8fr7fTyw&amp;__tn__=%2ANK-R\" data-ft=\"{&quot;type&quot;:104,&quot;tn&quot;:&quot;*N&quot;}\"><span class=\"_5afx\"><span class=\"_58cl _5afz\" aria-label=\"hashtag\">#<\/span><span class=\"_58cm\">SetembroAmarelo<\/span><\/span><\/a>\u00a0<a class=\"_58cn\" href=\"https:\/\/www.facebook.com\/hashtag\/prevencaoaosuicidio?source=feed_text&amp;epa=HASHTAG&amp;__xts__%5B0%5D=68.ARApAJ3APnsgpfzH1uYsyyT3AQC3fSy2tC-yhMdjVwTkB2iA7wkiZaxpx4TToWGaISVi5wqKCRoZPa-0tKiXO6npmIhvrFmRFqqsBG7jHya3PyiJgnOxjNhozY4QT7wxS1YY3TaLQYBbkzKJkKt2b46WopB44cAnb-iLq3t6bIfJmd3rnDSMJda2osNCKA-WSQ4wK1w_7tGCngtSNZ6X_sUC2eZe8Fm75LQwRQ1t8DDDPnzJDr2lRxEevbtUOwhRJt1v4bc6X1xG8DD2VlQ_-9mjig3mgXFJMBE2kuXq_89mChEvJHjShlIt2uC3lgfPVd1nN9vJZT2aDMrGWE8fr7fTyw&amp;__tn__=%2ANK-R\" data-ft=\"{&quot;type&quot;:104,&quot;tn&quot;:&quot;*N&quot;}\"><span class=\"_5afx\"><span class=\"_58cl _5afz\" aria-label=\"hashtag\">#<\/span><span class=\"_58cm\">prevencaoaosuicidio<\/span><\/span><\/a>\u00a0<a class=\"_58cn\" href=\"https:\/\/www.facebook.com\/hashtag\/cvv?source=feed_text&amp;epa=HASHTAG&amp;__xts__%5B0%5D=68.ARApAJ3APnsgpfzH1uYsyyT3AQC3fSy2tC-yhMdjVwTkB2iA7wkiZaxpx4TToWGaISVi5wqKCRoZPa-0tKiXO6npmIhvrFmRFqqsBG7jHya3PyiJgnOxjNhozY4QT7wxS1YY3TaLQYBbkzKJkKt2b46WopB44cAnb-iLq3t6bIfJmd3rnDSMJda2osNCKA-WSQ4wK1w_7tGCngtSNZ6X_sUC2eZe8Fm75LQwRQ1t8DDDPnzJDr2lRxEevbtUOwhRJt1v4bc6X1xG8DD2VlQ_-9mjig3mgXFJMBE2kuXq_89mChEvJHjShlIt2uC3lgfPVd1nN9vJZT2aDMrGWE8fr7fTyw&amp;__tn__=%2ANK-R\" data-ft=\"{&quot;type&quot;:104,&quot;tn&quot;:&quot;*N&quot;}\"><span class=\"_5afx\"><span class=\"_58cl _5afz\" aria-label=\"hashtag\">#<\/span><span class=\"_58cm\">cvv<\/span><\/span><\/a>\u00a0#setembroamarelo<span class=\"_5mfr\"><span class=\"_6qdm\">\ud83d\udc9b<\/span><\/span><\/p>\n<p style=\"text-align: justify;\">Fonte: Associa\u00e7\u00e3o dos Delegados de Pol\u00edcia do Estado de S\u00e3o Paulo<\/p>\n<\/div>\n","protected":false},"excerpt":{"rendered":"<p>A campanha de conscientiza\u00e7\u00e3o sobre a preven\u00e7\u00e3o do suic\u00eddio foi criada no Brasil em 2015. A proposta de pintar, iluminar e estampar o amarelo nas mais diversas resolu\u00e7\u00f5es, garante mais visibilidade \u00e0 causa. De acordo com a OMS, 9 em cada 10 suic\u00eddios podem ser evitados, e a primeira medida preventiva \u00e9 a educa\u00e7\u00e3o. \u00c9 [&hellip;]<\/p>\n","protected":false},"author":1,"featured_media":5839,"comment_status":"closed","ping_status":"open","sticky":false,"template":"","format":"standard","meta":{"footnotes":""},"categories":[114],"tags":[],"class_list":["post-5838","post","type-post","status-publish","format-standard","has-post-thumbnail","hentry","category-geralecomercio"],"_links":{"self":[{"href":"https:\/\/jorgezanoni.com.br\/2019\/wp-json\/wp\/v2\/posts\/5838","targetHints":{"allow":["GET"]}}],"collection":[{"href":"https:\/\/jorgezanoni.com.br\/2019\/wp-json\/wp\/v2\/posts"}],"about":[{"href":"https:\/\/jorgezanoni.com.br\/2019\/wp-json\/wp\/v2\/types\/post"}],"author":[{"embeddable":true,"href":"https:\/\/jorgezanoni.com.br\/2019\/wp-json\/wp\/v2\/users\/1"}],"replies":[{"embeddable":true,"href":"https:\/\/jorgezanoni.com.br\/2019\/wp-json\/wp\/v2\/comments?post=5838"}],"version-history":[{"count":0,"href":"https:\/\/jorgezanoni.com.br\/2019\/wp-json\/wp\/v2\/posts\/5838\/revisions"}],"wp:featuredmedia":[{"embeddable":true,"href":"https:\/\/jorgezanoni.com.br\/2019\/wp-json\/wp\/v2\/media\/5839"}],"wp:attachment":[{"href":"https:\/\/jorgezanoni.com.br\/2019\/wp-json\/wp\/v2\/media?parent=5838"}],"wp:term":[{"taxonomy":"category","embeddable":true,"href":"https:\/\/jorgezanoni.com.br\/2019\/wp-json\/wp\/v2\/categories?post=5838"},{"taxonomy":"post_tag","embeddable":true,"href":"https:\/\/jorgezanoni.com.br\/2019\/wp-json\/wp\/v2\/tags?post=5838"}],"curies":[{"name":"wp","href":"https:\/\/api.w.org\/{rel}","templated":true}]}}