{"id":58358,"date":"2022-01-05T22:51:58","date_gmt":"2022-01-05T22:51:58","guid":{"rendered":"https:\/\/jorgezanoni.com.br\/2019\/?p=58358"},"modified":"2022-01-05T22:51:58","modified_gmt":"2022-01-05T22:51:58","slug":"moradores-das-imediacoes-da-escola-9-de-julho-reclamam-da-situacao-da-calcada","status":"publish","type":"post","link":"https:\/\/jorgezanoni.com.br\/2019\/moradores-das-imediacoes-da-escola-9-de-julho-reclamam-da-situacao-da-calcada\/","title":{"rendered":"Moradores das imedia\u00e7\u00f5es da Escola 9 de Julho reclamam da situa\u00e7\u00e3o da cal\u00e7ada"},"content":{"rendered":"<p style=\"text-align: justify;\"><strong>Moradores das imedia\u00e7\u00f5es da Escola 9 de Julho, est\u00e3o reclamando do abando que se encontra cal\u00e7adas daquela Escola.<\/strong><\/p>\n<p style=\"text-align: justify;\">Segundo eles, a Escola que \u00e9 Estadual, h\u00e1 mais de dois meses teve \u00e1rvores arrancadas, com a promessa de que seriam plantadas outras no local e o cal\u00e7amento arrumado, o que n\u00e3o aconteceu at\u00e9 hoje.<\/p>\n<p style=\"text-align: justify;\">Na \u00e9poca que foram arrancadas as \u00e1rvores, o Site JZ entrou em contato com o Secret\u00e1rio de Infraestrutura, Habita\u00e7\u00e3o e Assuntos Vi\u00e1rios, Ademar Alves Pereira (Ademar do Gesso), que disse estar ciente do problema e que em no m\u00e1ximo de tr\u00eas dias a uma semana resolveria a situa\u00e7\u00e3o.<\/p>\n<p style=\"text-align: justify;\">A Escola \u00e9 Estadual e a municipalidade que arrancou as \u00e1rvores. Est\u00e1 um assunto para ser resolvido, pois \u00e9 local de grande fluxo de pessoas, que acabam indo para o meio da rua, correndo risco de acidentes. Tamb\u00e9m h\u00e1 reclama\u00e7\u00f5es de que est\u00e1 tendo muita sujeira para as resid\u00eancias das proximidades.<\/p>\n<p style=\"text-align: justify;\">Os mun\u00edcipes daquele setor da cidade, pedem e aguardam provid\u00eancias urgentes.<\/p>\n<p><img loading=\"lazy\" decoding=\"async\" class=\"alignnone size-full wp-image-58360\" src=\"https:\/\/jorgezanoni.com.br\/2019\/wp-content\/uploads\/2022\/01\/escola1.jpg\" alt=\"\" width=\"1200\" height=\"1600\" srcset=\"https:\/\/jorgezanoni.com.br\/2019\/wp-content\/uploads\/2022\/01\/escola1.jpg 1200w, https:\/\/jorgezanoni.com.br\/2019\/wp-content\/uploads\/2022\/01\/escola1-225x300.jpg 225w, https:\/\/jorgezanoni.com.br\/2019\/wp-content\/uploads\/2022\/01\/escola1-768x1024.jpg 768w, https:\/\/jorgezanoni.com.br\/2019\/wp-content\/uploads\/2022\/01\/escola1-1152x1536.jpg 1152w, https:\/\/jorgezanoni.com.br\/2019\/wp-content\/uploads\/2022\/01\/escola1-696x928.jpg 696w, https:\/\/jorgezanoni.com.br\/2019\/wp-content\/uploads\/2022\/01\/escola1-1068x1424.jpg 1068w, https:\/\/jorgezanoni.com.br\/2019\/wp-content\/uploads\/2022\/01\/escola1-315x420.jpg 315w\" sizes=\"auto, (max-width: 1200px) 100vw, 1200px\" \/> <img loading=\"lazy\" decoding=\"async\" class=\"alignnone size-full wp-image-58361\" src=\"https:\/\/jorgezanoni.com.br\/2019\/wp-content\/uploads\/2022\/01\/escola2.jpg\" alt=\"\" width=\"1200\" height=\"1600\" srcset=\"https:\/\/jorgezanoni.com.br\/2019\/wp-content\/uploads\/2022\/01\/escola2.jpg 1200w, https:\/\/jorgezanoni.com.br\/2019\/wp-content\/uploads\/2022\/01\/escola2-225x300.jpg 225w, https:\/\/jorgezanoni.com.br\/2019\/wp-content\/uploads\/2022\/01\/escola2-768x1024.jpg 768w, https:\/\/jorgezanoni.com.br\/2019\/wp-content\/uploads\/2022\/01\/escola2-1152x1536.jpg 1152w, https:\/\/jorgezanoni.com.br\/2019\/wp-content\/uploads\/2022\/01\/escola2-696x928.jpg 696w, https:\/\/jorgezanoni.com.br\/2019\/wp-content\/uploads\/2022\/01\/escola2-1068x1424.jpg 1068w, https:\/\/jorgezanoni.com.br\/2019\/wp-content\/uploads\/2022\/01\/escola2-315x420.jpg 315w\" sizes=\"auto, (max-width: 1200px) 100vw, 1200px\" \/> <img loading=\"lazy\" decoding=\"async\" class=\"alignnone size-full wp-image-58362\" src=\"https:\/\/jorgezanoni.com.br\/2019\/wp-content\/uploads\/2022\/01\/escola3.jpg\" alt=\"\" width=\"1200\" height=\"1600\" srcset=\"https:\/\/jorgezanoni.com.br\/2019\/wp-content\/uploads\/2022\/01\/escola3.jpg 1200w, https:\/\/jorgezanoni.com.br\/2019\/wp-content\/uploads\/2022\/01\/escola3-225x300.jpg 225w, https:\/\/jorgezanoni.com.br\/2019\/wp-content\/uploads\/2022\/01\/escola3-768x1024.jpg 768w, https:\/\/jorgezanoni.com.br\/2019\/wp-content\/uploads\/2022\/01\/escola3-1152x1536.jpg 1152w, https:\/\/jorgezanoni.com.br\/2019\/wp-content\/uploads\/2022\/01\/escola3-696x928.jpg 696w, https:\/\/jorgezanoni.com.br\/2019\/wp-content\/uploads\/2022\/01\/escola3-1068x1424.jpg 1068w, https:\/\/jorgezanoni.com.br\/2019\/wp-content\/uploads\/2022\/01\/escola3-315x420.jpg 315w\" sizes=\"auto, (max-width: 1200px) 100vw, 1200px\" \/><\/p>\n<p style=\"text-align: justify;\">Jorge Zanoni<\/p>\n<p style=\"text-align: justify;\">Foto de Internauta<\/p>\n","protected":false},"excerpt":{"rendered":"<p>Moradores das imedia\u00e7\u00f5es da Escola 9 de Julho, est\u00e3o reclamando do abando que se encontra cal\u00e7adas daquela Escola. Segundo eles, a Escola que \u00e9 Estadual, h\u00e1 mais de dois meses teve \u00e1rvores arrancadas, com a promessa de que seriam plantadas outras no local e o cal\u00e7amento arrumado, o que n\u00e3o aconteceu at\u00e9 hoje. Na \u00e9poca [&hellip;]<\/p>\n","protected":false},"author":1,"featured_media":58363,"comment_status":"closed","ping_status":"open","sticky":false,"template":"","format":"standard","meta":{"footnotes":""},"categories":[179,184,110],"tags":[],"class_list":["post-58358","post","type-post","status-publish","format-standard","has-post-thumbnail","hentry","category-cidadeseregiao","category-dracena","category-noticiasdestaque"],"_links":{"self":[{"href":"https:\/\/jorgezanoni.com.br\/2019\/wp-json\/wp\/v2\/posts\/58358","targetHints":{"allow":["GET"]}}],"collection":[{"href":"https:\/\/jorgezanoni.com.br\/2019\/wp-json\/wp\/v2\/posts"}],"about":[{"href":"https:\/\/jorgezanoni.com.br\/2019\/wp-json\/wp\/v2\/types\/post"}],"author":[{"embeddable":true,"href":"https:\/\/jorgezanoni.com.br\/2019\/wp-json\/wp\/v2\/users\/1"}],"replies":[{"embeddable":true,"href":"https:\/\/jorgezanoni.com.br\/2019\/wp-json\/wp\/v2\/comments?post=58358"}],"version-history":[{"count":0,"href":"https:\/\/jorgezanoni.com.br\/2019\/wp-json\/wp\/v2\/posts\/58358\/revisions"}],"wp:featuredmedia":[{"embeddable":true,"href":"https:\/\/jorgezanoni.com.br\/2019\/wp-json\/wp\/v2\/media\/58363"}],"wp:attachment":[{"href":"https:\/\/jorgezanoni.com.br\/2019\/wp-json\/wp\/v2\/media?parent=58358"}],"wp:term":[{"taxonomy":"category","embeddable":true,"href":"https:\/\/jorgezanoni.com.br\/2019\/wp-json\/wp\/v2\/categories?post=58358"},{"taxonomy":"post_tag","embeddable":true,"href":"https:\/\/jorgezanoni.com.br\/2019\/wp-json\/wp\/v2\/tags?post=58358"}],"curies":[{"name":"wp","href":"https:\/\/api.w.org\/{rel}","templated":true}]}}