{"id":58350,"date":"2022-01-05T22:02:52","date_gmt":"2022-01-05T22:02:52","guid":{"rendered":"https:\/\/jorgezanoni.com.br\/2019\/?p=58350"},"modified":"2022-01-05T22:02:52","modified_gmt":"2022-01-05T22:02:52","slug":"policia-militar-age-rapidamente-e-prende-sobrinho-autor-de-roubo-contra-o-tio-em-dracena","status":"publish","type":"post","link":"https:\/\/jorgezanoni.com.br\/2019\/policia-militar-age-rapidamente-e-prende-sobrinho-autor-de-roubo-contra-o-tio-em-dracena\/","title":{"rendered":"Pol\u00edcia Militar age rapidamente e prende sobrinho, autor de roubo contra o tio em Dracena"},"content":{"rendered":"<p style=\"text-align: justify;\">Na data de hoje (05) por volta das 09h48min ao chegar ao local dos fatos a equipe da Pol\u00edcia Militar na cidade de Dracena fez contato com a v\u00edtima (homem 65 anos), que sangrava com um corte nas costas na altura do ombro, e seu irm\u00e3o que lhe prestava socorro, ambos relataram que o sobrinho (homem 30 anos) que \u00e9 usu\u00e1rio de drogas, foi ao local Bairro Marrequinha e queria dinheiro de e diante da recusa o sobrinho tirou uma faca de forma sorrateira que carregava na cintura, e desferiu um golpe nas costas do tio e ato cont\u00ednuo o autor apoderou-se da carteira com dinheiro da v\u00edtima. Diante dos atos do sobrinho o irm\u00e3o da v\u00edtima pegou um toco de madeira para defender o irm\u00e3o, vindo o autor a fugir, tomando rumo ignorado. As equipes policiais diante das caracter\u00edsticas fizeram o cerco localizando o autor a mais de 5 km do local pr\u00f3ximo ao aeroporto. Dado voz de pris\u00e3o em flagrante permanecendo o autor a disposi\u00e7\u00e3o da Justi\u00e7a. A v\u00edtima foi socorrida ao Pronto Atendimento municipal onde foi atendida medicada, suturada e liberada.<\/p>\n<p style=\"text-align: justify;\">#25bpmi<br \/>\n#cpi8<br \/>\n#POLICIAMILITARSP<br \/>\n#AFOR\u00c7AP\u00daBLICADES\u00c3OPAULO<br \/>\nComunica\u00e7\u00e3o Social do 25BPMI e regi\u00e3o<\/p>\n","protected":false},"excerpt":{"rendered":"<p>Na data de hoje (05) por volta das 09h48min ao chegar ao local dos fatos a equipe da Pol\u00edcia Militar na cidade de Dracena fez contato com a v\u00edtima (homem 65 anos), que sangrava com um corte nas costas na altura do ombro, e seu irm\u00e3o que lhe prestava socorro, ambos relataram que o sobrinho [&hellip;]<\/p>\n","protected":false},"author":1,"featured_media":58351,"comment_status":"closed","ping_status":"open","sticky":false,"template":"","format":"standard","meta":{"footnotes":""},"categories":[110,2],"tags":[],"class_list":["post-58350","post","type-post","status-publish","format-standard","has-post-thumbnail","hentry","category-noticiasdestaque","category-policial"],"_links":{"self":[{"href":"https:\/\/jorgezanoni.com.br\/2019\/wp-json\/wp\/v2\/posts\/58350","targetHints":{"allow":["GET"]}}],"collection":[{"href":"https:\/\/jorgezanoni.com.br\/2019\/wp-json\/wp\/v2\/posts"}],"about":[{"href":"https:\/\/jorgezanoni.com.br\/2019\/wp-json\/wp\/v2\/types\/post"}],"author":[{"embeddable":true,"href":"https:\/\/jorgezanoni.com.br\/2019\/wp-json\/wp\/v2\/users\/1"}],"replies":[{"embeddable":true,"href":"https:\/\/jorgezanoni.com.br\/2019\/wp-json\/wp\/v2\/comments?post=58350"}],"version-history":[{"count":0,"href":"https:\/\/jorgezanoni.com.br\/2019\/wp-json\/wp\/v2\/posts\/58350\/revisions"}],"wp:featuredmedia":[{"embeddable":true,"href":"https:\/\/jorgezanoni.com.br\/2019\/wp-json\/wp\/v2\/media\/58351"}],"wp:attachment":[{"href":"https:\/\/jorgezanoni.com.br\/2019\/wp-json\/wp\/v2\/media?parent=58350"}],"wp:term":[{"taxonomy":"category","embeddable":true,"href":"https:\/\/jorgezanoni.com.br\/2019\/wp-json\/wp\/v2\/categories?post=58350"},{"taxonomy":"post_tag","embeddable":true,"href":"https:\/\/jorgezanoni.com.br\/2019\/wp-json\/wp\/v2\/tags?post=58350"}],"curies":[{"name":"wp","href":"https:\/\/api.w.org\/{rel}","templated":true}]}}