{"id":5835,"date":"2019-09-11T00:10:49","date_gmt":"2019-09-11T00:10:49","guid":{"rendered":"https:\/\/jorgezanoni.com.br\/2019\/?p=5835"},"modified":"2019-09-11T00:10:49","modified_gmt":"2019-09-11T00:10:49","slug":"dupla-de-adolescente-e-apreendida-em-tupi-paulista-por-trafico-de-drogas","status":"publish","type":"post","link":"https:\/\/jorgezanoni.com.br\/2019\/dupla-de-adolescente-e-apreendida-em-tupi-paulista-por-trafico-de-drogas\/","title":{"rendered":"Dupla de adolescente \u00e9 apreendida em Tupi Paulista, por tr\u00e1fico de drogas"},"content":{"rendered":"<div style=\"text-align: justify;\">Na tarde desta segunda feira (09), por volta das 17h, os Policiais Militares de Tupi Paulista durante o patrulhamento, receberam uma den\u00fancia dizendo que o menor A.B.R. de 17 anos, teria se apossado do ve\u00edculo (Renault\/Oroch) de sua m\u00e3e, tomando sentido ignorado.<\/p>\n<p>Contra esse menor, j\u00e1 tinha v\u00e1rias den\u00fancias dizendo que ele e outro menor, R.V.S de 16 anos, estariam envolvidos com tr\u00e1fico de drogas.<\/p>\n<p>Durante o patrulhamento, e com essas informa\u00e7\u00f5es foi logrado \u00eaxito em localizar o ve\u00edculo e o menor A.B.R., onde foi abordado e na busca pessoal nada de il\u00edcito foi localizado.<\/p>\n<p>Na busca veicular foi localizado na porta do motorista, uma por\u00e7\u00e3o de maconha, onde o menor declarou ter adquirido na cidade de Dracena e que iria dividir com menor R.V.S.<\/p>\n<p>Devido a essa declara\u00e7\u00e3o, os policiais foram at\u00e9 a resid\u00eancia do menor R.V.S., e com autoriza\u00e7\u00e3o da m\u00e3e e com apoio do canil, foi feito buscas domiciliar, sendo localizado nos fundos do terreno, sob um peda\u00e7o de madeira, um fragmento de tijolo de maconha envolta em uma sacola.<\/p><\/div>\n<div style=\"text-align: justify;\"><\/div>\n<div style=\"text-align: justify;\">Diante do fato, os menores foram conduzidos juntamente com as genitoras at\u00e9 a delegacia, onde permaneceram apreendidos a disposi\u00e7\u00e3o da justi\u00e7a.<\/p>\n<p>Apreens\u00f5es: 0,018 kg de maconha, 0,169 kg de maconha (tijolo) e R$15,00.<\/p><\/div>\n<div style=\"text-align: justify;\"><\/div>\n<div style=\"text-align: justify;\">Fonte: COMUNICA\u00c7\u00c3O SOCIAL DO 25\u00ba BPM\/I &#8211; Dracena e regi\u00e3o.<\/div>\n","protected":false},"excerpt":{"rendered":"<p>Na tarde desta segunda feira (09), por volta das 17h, os Policiais Militares de Tupi Paulista durante o patrulhamento, receberam uma den\u00fancia dizendo que o menor A.B.R. de 17 anos, teria se apossado do ve\u00edculo (Renault\/Oroch) de sua m\u00e3e, tomando sentido ignorado. Contra esse menor, j\u00e1 tinha v\u00e1rias den\u00fancias dizendo que ele e outro menor, [&hellip;]<\/p>\n","protected":false},"author":1,"featured_media":5836,"comment_status":"closed","ping_status":"open","sticky":false,"template":"","format":"standard","meta":{"footnotes":""},"categories":[110,2],"tags":[],"class_list":["post-5835","post","type-post","status-publish","format-standard","has-post-thumbnail","hentry","category-noticiasdestaque","category-policial"],"_links":{"self":[{"href":"https:\/\/jorgezanoni.com.br\/2019\/wp-json\/wp\/v2\/posts\/5835","targetHints":{"allow":["GET"]}}],"collection":[{"href":"https:\/\/jorgezanoni.com.br\/2019\/wp-json\/wp\/v2\/posts"}],"about":[{"href":"https:\/\/jorgezanoni.com.br\/2019\/wp-json\/wp\/v2\/types\/post"}],"author":[{"embeddable":true,"href":"https:\/\/jorgezanoni.com.br\/2019\/wp-json\/wp\/v2\/users\/1"}],"replies":[{"embeddable":true,"href":"https:\/\/jorgezanoni.com.br\/2019\/wp-json\/wp\/v2\/comments?post=5835"}],"version-history":[{"count":0,"href":"https:\/\/jorgezanoni.com.br\/2019\/wp-json\/wp\/v2\/posts\/5835\/revisions"}],"wp:featuredmedia":[{"embeddable":true,"href":"https:\/\/jorgezanoni.com.br\/2019\/wp-json\/wp\/v2\/media\/5836"}],"wp:attachment":[{"href":"https:\/\/jorgezanoni.com.br\/2019\/wp-json\/wp\/v2\/media?parent=5835"}],"wp:term":[{"taxonomy":"category","embeddable":true,"href":"https:\/\/jorgezanoni.com.br\/2019\/wp-json\/wp\/v2\/categories?post=5835"},{"taxonomy":"post_tag","embeddable":true,"href":"https:\/\/jorgezanoni.com.br\/2019\/wp-json\/wp\/v2\/tags?post=5835"}],"curies":[{"name":"wp","href":"https:\/\/api.w.org\/{rel}","templated":true}]}}