{"id":58344,"date":"2022-01-05T21:21:10","date_gmt":"2022-01-05T21:21:10","guid":{"rendered":"https:\/\/jorgezanoni.com.br\/2019\/?p=58344"},"modified":"2022-01-05T21:21:10","modified_gmt":"2022-01-05T21:21:10","slug":"diretor-da-emdaep-retorna-ao-trabalho-apos-tratamento-de-covid","status":"publish","type":"post","link":"https:\/\/jorgezanoni.com.br\/2019\/diretor-da-emdaep-retorna-ao-trabalho-apos-tratamento-de-covid\/","title":{"rendered":"Diretor da EMDAEP retorna ao trabalho ap\u00f3s tratamento de Covid"},"content":{"rendered":"<p style=\"text-align: justify;\">Nesta quarta-feira (5), L\u00e9o Coelho de Andrade voltou ao cargo de diretor administrativo da EMDAEP. Ele tinha se afastado em setembro do ano passado para tratamento de Covid, ficando 21 dias internado.<\/p>\n<p style=\"text-align: justify;\">L\u00e9o Andrade atua na diretoria desde janeiro do ano passado ao lado do presidente da empresa, Guido Francisco Baggio e da diretora financeira Nat\u00e1lia Agostinho Sosin.<\/p>\n<p style=\"text-align: justify;\">Ass. Rela\u00e7\u00f5es P\u00fablicas da EMDAEP<\/p>\n","protected":false},"excerpt":{"rendered":"<p>Nesta quarta-feira (5), L\u00e9o Coelho de Andrade voltou ao cargo de diretor administrativo da EMDAEP. Ele tinha se afastado em setembro do ano passado para tratamento de Covid, ficando 21 dias internado. L\u00e9o Andrade atua na diretoria desde janeiro do ano passado ao lado do presidente da empresa, Guido Francisco Baggio e da diretora financeira [&hellip;]<\/p>\n","protected":false},"author":1,"featured_media":58345,"comment_status":"closed","ping_status":"open","sticky":false,"template":"","format":"standard","meta":{"footnotes":""},"categories":[114,110],"tags":[],"class_list":["post-58344","post","type-post","status-publish","format-standard","has-post-thumbnail","hentry","category-geralecomercio","category-noticiasdestaque"],"_links":{"self":[{"href":"https:\/\/jorgezanoni.com.br\/2019\/wp-json\/wp\/v2\/posts\/58344","targetHints":{"allow":["GET"]}}],"collection":[{"href":"https:\/\/jorgezanoni.com.br\/2019\/wp-json\/wp\/v2\/posts"}],"about":[{"href":"https:\/\/jorgezanoni.com.br\/2019\/wp-json\/wp\/v2\/types\/post"}],"author":[{"embeddable":true,"href":"https:\/\/jorgezanoni.com.br\/2019\/wp-json\/wp\/v2\/users\/1"}],"replies":[{"embeddable":true,"href":"https:\/\/jorgezanoni.com.br\/2019\/wp-json\/wp\/v2\/comments?post=58344"}],"version-history":[{"count":0,"href":"https:\/\/jorgezanoni.com.br\/2019\/wp-json\/wp\/v2\/posts\/58344\/revisions"}],"wp:featuredmedia":[{"embeddable":true,"href":"https:\/\/jorgezanoni.com.br\/2019\/wp-json\/wp\/v2\/media\/58345"}],"wp:attachment":[{"href":"https:\/\/jorgezanoni.com.br\/2019\/wp-json\/wp\/v2\/media?parent=58344"}],"wp:term":[{"taxonomy":"category","embeddable":true,"href":"https:\/\/jorgezanoni.com.br\/2019\/wp-json\/wp\/v2\/categories?post=58344"},{"taxonomy":"post_tag","embeddable":true,"href":"https:\/\/jorgezanoni.com.br\/2019\/wp-json\/wp\/v2\/tags?post=58344"}],"curies":[{"name":"wp","href":"https:\/\/api.w.org\/{rel}","templated":true}]}}