{"id":58336,"date":"2022-01-05T19:31:56","date_gmt":"2022-01-05T19:31:56","guid":{"rendered":"https:\/\/jorgezanoni.com.br\/2019\/?p=58336"},"modified":"2022-01-05T20:17:28","modified_gmt":"2022-01-05T20:17:28","slug":"morre-moradora-de-sao-bernardo-do-campo-que-tem-familiares-em-tupi-paulista","status":"publish","type":"post","link":"https:\/\/jorgezanoni.com.br\/2019\/morre-moradora-de-sao-bernardo-do-campo-que-tem-familiares-em-tupi-paulista\/","title":{"rendered":"Morre moradora de S\u00e3o Bernardo do Campo que tem familiares em Tupi Paulista"},"content":{"rendered":"<p style=\"text-align: justify;\">Faleceu a jovem Aline Cedese de 31 anos, v\u00edtima da H3N2. Ela \u00e9 moradora da cidade de S\u00e3o Bernardo do Campo, e tem familiares na cidade de Tupi Paulista.<\/p>\n<p><img loading=\"lazy\" decoding=\"async\" class=\"alignnone size-full wp-image-58337\" src=\"https:\/\/jorgezanoni.com.br\/2019\/wp-content\/uploads\/2022\/01\/Tupi-2.jpg\" alt=\"\" width=\"442\" height=\"636\" srcset=\"https:\/\/jorgezanoni.com.br\/2019\/wp-content\/uploads\/2022\/01\/Tupi-2.jpg 442w, https:\/\/jorgezanoni.com.br\/2019\/wp-content\/uploads\/2022\/01\/Tupi-2-208x300.jpg 208w, https:\/\/jorgezanoni.com.br\/2019\/wp-content\/uploads\/2022\/01\/Tupi-2-292x420.jpg 292w\" sizes=\"auto, (max-width: 442px) 100vw, 442px\" \/><\/p>\n<p style=\"text-align: justify;\">ESCLARECIMENTO A POPULA\u00c7\u00c3O TUPIENSE<\/p>\n<div class=\"cxmmr5t8 oygrvhab hcukyx3x c1et5uql o9v6fnle ii04i59q\" style=\"text-align: justify;\">\n<div dir=\"auto\">A Jovem Aline Cenedese, que fatalmente faleceu em decorrencia da<\/div>\n<div dir=\"auto\">\u00a0n\u00e3o \u00e9 moradora de Tupi Paulista, ela possui parentes na cidade<\/div>\n<div dir=\"auto\">e estava em S\u00e3o Bernardo do Campo onde residia no dia do seu falecimento.<\/div>\n<\/div>\n<div class=\"cxmmr5t8 oygrvhab hcukyx3x c1et5uql o9v6fnle ii04i59q\" style=\"text-align: justify;\">\n<div dir=\"auto\">Elevamos nossos sentimentos de profundo pesar aos familiares e parentes da<\/div>\n<div dir=\"auto\">Aline.<\/div>\n<div dir=\"auto\"><\/div>\n<\/div>\n<div class=\"cxmmr5t8 oygrvhab hcukyx3x c1et5uql o9v6fnle ii04i59q\">\n<div dir=\"auto\" style=\"text-align: justify;\">Assessoria de Comunica\u00e7\u00e3o<\/div>\n<div dir=\"auto\" style=\"text-align: justify;\">Prefeitura de Tupi Paulista<\/div>\n<\/div>\n","protected":false},"excerpt":{"rendered":"<p>Faleceu a jovem Aline Cedese de 31 anos, v\u00edtima da H3N2. Ela \u00e9 moradora da cidade de S\u00e3o Bernardo do Campo, e tem familiares na cidade de Tupi Paulista. ESCLARECIMENTO A POPULA\u00c7\u00c3O TUPIENSE A Jovem Aline Cenedese, que fatalmente faleceu em decorrencia da \u00a0n\u00e3o \u00e9 moradora de Tupi Paulista, ela possui parentes na cidade e [&hellip;]<\/p>\n","protected":false},"author":1,"featured_media":58338,"comment_status":"closed","ping_status":"open","sticky":false,"template":"","format":"standard","meta":{"footnotes":""},"categories":[178,110],"tags":[],"class_list":["post-58336","post","type-post","status-publish","format-standard","has-post-thumbnail","hentry","category-notadefalecimento","category-noticiasdestaque"],"_links":{"self":[{"href":"https:\/\/jorgezanoni.com.br\/2019\/wp-json\/wp\/v2\/posts\/58336","targetHints":{"allow":["GET"]}}],"collection":[{"href":"https:\/\/jorgezanoni.com.br\/2019\/wp-json\/wp\/v2\/posts"}],"about":[{"href":"https:\/\/jorgezanoni.com.br\/2019\/wp-json\/wp\/v2\/types\/post"}],"author":[{"embeddable":true,"href":"https:\/\/jorgezanoni.com.br\/2019\/wp-json\/wp\/v2\/users\/1"}],"replies":[{"embeddable":true,"href":"https:\/\/jorgezanoni.com.br\/2019\/wp-json\/wp\/v2\/comments?post=58336"}],"version-history":[{"count":0,"href":"https:\/\/jorgezanoni.com.br\/2019\/wp-json\/wp\/v2\/posts\/58336\/revisions"}],"wp:featuredmedia":[{"embeddable":true,"href":"https:\/\/jorgezanoni.com.br\/2019\/wp-json\/wp\/v2\/media\/58338"}],"wp:attachment":[{"href":"https:\/\/jorgezanoni.com.br\/2019\/wp-json\/wp\/v2\/media?parent=58336"}],"wp:term":[{"taxonomy":"category","embeddable":true,"href":"https:\/\/jorgezanoni.com.br\/2019\/wp-json\/wp\/v2\/categories?post=58336"},{"taxonomy":"post_tag","embeddable":true,"href":"https:\/\/jorgezanoni.com.br\/2019\/wp-json\/wp\/v2\/tags?post=58336"}],"curies":[{"name":"wp","href":"https:\/\/api.w.org\/{rel}","templated":true}]}}