{"id":58329,"date":"2022-01-05T14:44:45","date_gmt":"2022-01-05T14:44:45","guid":{"rendered":"https:\/\/jorgezanoni.com.br\/2019\/?p=58329"},"modified":"2022-01-05T14:44:45","modified_gmt":"2022-01-05T14:44:45","slug":"expresso-de-prata-e-vendida-para-o-grupo-comporte","status":"publish","type":"post","link":"https:\/\/jorgezanoni.com.br\/2019\/expresso-de-prata-e-vendida-para-o-grupo-comporte\/","title":{"rendered":"Expresso de Prata \u00e9 vendida para o Grupo COMPORTE"},"content":{"rendered":"<p style=\"text-align: justify;\">BAURU E S\u00c3O PAULO \u2013 A tradicional empresa\u00a0<a href=\"https:\/\/revistadoonibus.com\/tag\/expresso-de-prata\/\"><strong>Expresso de Prata<\/strong><\/a>, que possui sede no munic\u00edpio de Bauru e que opera linha intermunicipais em S\u00e3o Paulo e que possui cerca de 190 ve\u00edculos, acaba de ser adquirida pelo\u00a0<a href=\"https:\/\/revistadoonibus.com\/tag\/Grupo-Comporte\/\"><strong>Grupo Comporte<\/strong><\/a>. A empresa de Bauru que possui quase cem anos de atua\u00e7\u00e3o no transporte passar\u00e1 ser administrada pela fam\u00edlia Constantino.<\/p>\n<p><img loading=\"lazy\" decoding=\"async\" class=\"alignnone size-full wp-image-58330\" src=\"https:\/\/jorgezanoni.com.br\/2019\/wp-content\/uploads\/2022\/01\/prata.jpg\" alt=\"\" width=\"850\" height=\"505\" srcset=\"https:\/\/jorgezanoni.com.br\/2019\/wp-content\/uploads\/2022\/01\/prata.jpg 850w, https:\/\/jorgezanoni.com.br\/2019\/wp-content\/uploads\/2022\/01\/prata-300x178.jpg 300w, https:\/\/jorgezanoni.com.br\/2019\/wp-content\/uploads\/2022\/01\/prata-768x456.jpg 768w, https:\/\/jorgezanoni.com.br\/2019\/wp-content\/uploads\/2022\/01\/prata-696x414.jpg 696w, https:\/\/jorgezanoni.com.br\/2019\/wp-content\/uploads\/2022\/01\/prata-707x420.jpg 707w\" sizes=\"auto, (max-width: 850px) 100vw, 850px\" \/><\/p>\n<p style=\"text-align: justify;\">A negocia\u00e7\u00e3o envolveu todas as opera\u00e7\u00f5es rodovi\u00e1rias e suburbanas, por\u00e9m, os valores da compra da empresa n\u00e3o foi informado. O pedido de anu\u00eancia, para a formaliza\u00e7\u00e3o do neg\u00f3cio, deve ser encaminhado em breve para a\u00a0<a href=\"https:\/\/revistadoonibus.com\/tag\/artesp-agencia-de-transporte-do-estado-de-sao-paulo\/\"><strong>Ag\u00eancia de Transporte do Estado de S\u00e3o Paulo \u2013 Artesp<\/strong><\/a>.<\/p>\n<p style=\"text-align: justify;\">Al\u00e9m da Artesp, um documento ser\u00e1 encaminhado para o Conselho Administrativo de Defesa Econ\u00f4mica \u2013 CADE, que \u00e9 vinculado ao Minist\u00e9rio da Justi\u00e7a, j\u00e1 que o \u00f3rg\u00e3o ligado ao governo federal, trata de assuntos como a concentra\u00e7\u00e3o de mercado.<\/p>\n<p><img loading=\"lazy\" decoding=\"async\" class=\"alignnone size-full wp-image-58332\" src=\"https:\/\/jorgezanoni.com.br\/2019\/wp-content\/uploads\/2022\/01\/prata2.jpg\" alt=\"\" width=\"639\" height=\"463\" srcset=\"https:\/\/jorgezanoni.com.br\/2019\/wp-content\/uploads\/2022\/01\/prata2.jpg 639w, https:\/\/jorgezanoni.com.br\/2019\/wp-content\/uploads\/2022\/01\/prata2-300x217.jpg 300w, https:\/\/jorgezanoni.com.br\/2019\/wp-content\/uploads\/2022\/01\/prata2-324x235.jpg 324w, https:\/\/jorgezanoni.com.br\/2019\/wp-content\/uploads\/2022\/01\/prata2-580x420.jpg 580w\" sizes=\"auto, (max-width: 639px) 100vw, 639px\" \/><\/p>\n<p style=\"text-align: justify;\">A reformula\u00e7\u00e3o da Expresso de Prata deve ocorrer de forma gradativa nos pr\u00f3ximos meses, por\u00e9m, acredita-se que grande parte dos funcion\u00e1rios seja mantida.<\/p>\n<p style=\"text-align: justify;\">Todas as linhas rodovi\u00e1rias e suburbanas que a Expresso de Prata opera atualmente, n\u00e3o ter\u00e3o altera\u00e7\u00f5es.<\/p>\n<p style=\"text-align: justify;\">Com informa\u00e7\u00f5es do\u00a0<a href=\"https:\/\/diariodotransporte.com.br\/\" target=\"_blank\" rel=\"noreferrer noopener\">Di\u00e1rio do Transporte<\/a>\u00a0e\u00a0<a href=\"https:\/\/www.comporte.com.br\/\" target=\"_blank\" rel=\"noreferrer noopener\">Grupo Comporte<\/a><\/p>\n<p style=\"text-align: justify;\">Fonte: https:\/\/revistadoonibus.com\/2022\/01\/04\/expresso-de-prata-e-vendida-para-o-grupo-comporte\/<\/p>\n","protected":false},"excerpt":{"rendered":"<p>BAURU E S\u00c3O PAULO \u2013 A tradicional empresa\u00a0Expresso de Prata, que possui sede no munic\u00edpio de Bauru e que opera linha intermunicipais em S\u00e3o Paulo e que possui cerca de 190 ve\u00edculos, acaba de ser adquirida pelo\u00a0Grupo Comporte. A empresa de Bauru que possui quase cem anos de atua\u00e7\u00e3o no transporte passar\u00e1 ser administrada pela [&hellip;]<\/p>\n","protected":false},"author":1,"featured_media":58331,"comment_status":"closed","ping_status":"open","sticky":false,"template":"","format":"standard","meta":{"footnotes":""},"categories":[180,110],"tags":[],"class_list":["post-58329","post","type-post","status-publish","format-standard","has-post-thumbnail","hentry","category-estradastransitoveiculos","category-noticiasdestaque"],"_links":{"self":[{"href":"https:\/\/jorgezanoni.com.br\/2019\/wp-json\/wp\/v2\/posts\/58329","targetHints":{"allow":["GET"]}}],"collection":[{"href":"https:\/\/jorgezanoni.com.br\/2019\/wp-json\/wp\/v2\/posts"}],"about":[{"href":"https:\/\/jorgezanoni.com.br\/2019\/wp-json\/wp\/v2\/types\/post"}],"author":[{"embeddable":true,"href":"https:\/\/jorgezanoni.com.br\/2019\/wp-json\/wp\/v2\/users\/1"}],"replies":[{"embeddable":true,"href":"https:\/\/jorgezanoni.com.br\/2019\/wp-json\/wp\/v2\/comments?post=58329"}],"version-history":[{"count":0,"href":"https:\/\/jorgezanoni.com.br\/2019\/wp-json\/wp\/v2\/posts\/58329\/revisions"}],"wp:featuredmedia":[{"embeddable":true,"href":"https:\/\/jorgezanoni.com.br\/2019\/wp-json\/wp\/v2\/media\/58331"}],"wp:attachment":[{"href":"https:\/\/jorgezanoni.com.br\/2019\/wp-json\/wp\/v2\/media?parent=58329"}],"wp:term":[{"taxonomy":"category","embeddable":true,"href":"https:\/\/jorgezanoni.com.br\/2019\/wp-json\/wp\/v2\/categories?post=58329"},{"taxonomy":"post_tag","embeddable":true,"href":"https:\/\/jorgezanoni.com.br\/2019\/wp-json\/wp\/v2\/tags?post=58329"}],"curies":[{"name":"wp","href":"https:\/\/api.w.org\/{rel}","templated":true}]}}