{"id":58293,"date":"2022-01-04T12:19:40","date_gmt":"2022-01-04T12:19:40","guid":{"rendered":"https:\/\/jorgezanoni.com.br\/2019\/?p=58293"},"modified":"2022-01-04T12:19:40","modified_gmt":"2022-01-04T12:19:40","slug":"recem-nascida-e-encontrada-morta-dentro-de-saco-de-lixo-e-mae-e-presa-em-flagrante-por-infanticidio","status":"publish","type":"post","link":"https:\/\/jorgezanoni.com.br\/2019\/recem-nascida-e-encontrada-morta-dentro-de-saco-de-lixo-e-mae-e-presa-em-flagrante-por-infanticidio\/","title":{"rendered":"Rec\u00e9m-nascida \u00e9 encontrada morta dentro de saco de lixo e m\u00e3e \u00e9 presa em flagrante por infantic\u00eddio"},"content":{"rendered":"<h2 class=\"content-head__subtitle\" style=\"text-align: justify;\"><strong>Corpo da crian\u00e7a apresentava ferimentos provocados por instrumento perfurocortante. Crime foi em Presidente Prudente, nesta segunda-feira (3).<\/strong><\/h2>\n<div class=\"mc-column content-text active-extra-styles \" data-block-type=\"unstyled\" data-block-weight=\"42\" data-block-id=\"2\">\n<p class=\"content-text__container \" style=\"text-align: justify;\" data-track-category=\"Link no Texto\" data-track-links=\"\">Uma mulher de 30 anos foi presa em flagrante por infantic\u00eddio, em\u00a0<a href=\"https:\/\/g1.globo.com\/sp\/presidente-prudente-regiao\/cidade\/presidente-prudente\/\">Presidente Prudente<\/a>\u00a0(SP), nesta segunda-feira (3). Ela \u00e9 acusada de matar a pr\u00f3pria filha rec\u00e9m-nascida em sua casa, no Residencial Tapaj\u00f3s. Uma faca, possivelmente utilizada no crime, foi apreendida.<\/p>\n<\/div>\n<div class=\"wall protected-content\">\n<div class=\"mc-column content-text active-extra-styles \" style=\"text-align: justify;\" data-block-type=\"unstyled\" data-block-weight=\"34\" data-block-id=\"3\">\n<p class=\"content-text__container \" data-track-category=\"Link no Texto\" data-track-links=\"\">Em relat\u00f3rio preliminar de exame necrosc\u00f3pico foi apontado que a v\u00edtima era rec\u00e9m-nascida, do sexo feminino, cor branca, medindo 50 cm de altura, e que o corpo apresentava m\u00faltiplos ferimentos causados por instrumento perfurocortante.<\/p>\n<\/div>\n<div class=\"mc-column content-text active-extra-styles \" style=\"text-align: justify;\" data-block-type=\"unstyled\" data-block-weight=\"31\" data-block-id=\"4\">\n<p class=\"content-text__container \" data-track-category=\"Link no Texto\" data-track-links=\"\">\u201cApurou-se, ainda, que a examinada [crian\u00e7a] respirou ap\u00f3s o nascimento (nasceu com vida) e que a causa da morte foi politraumatismo em decorr\u00eancia de ferimentos por instrumento perfurocortante\u201d, diz o laudo.<\/p>\n<\/div>\n<div class=\"content-ads content-ads--reveal\" data-block-type=\"ads\" data-block-id=\"5\">\n<div id=\"banner_materia2\" class=\"tag-manager-publicidade-container mc-has-reveal mc-has-ad-lazyload tag-manager-publicidade-banner_materia2 tag-manager-publicidade-container--carregado tag-manager-publicidade-container--visivel\" data-id=\"banner_materia2\" data-req=\"true\" data-google-query-id=\"CLWC8JCJmPUCFTEwuQYd8BkIPg\" data-cid=\"138375407573\" data-lid=\"5860962158\">\n<div class=\"mc-column content-text active-extra-styles \" style=\"text-align: justify;\" data-block-type=\"unstyled\" data-block-weight=\"17\" data-block-id=\"6\">\n<p class=\"content-text__container \" data-track-category=\"Link no Texto\" data-track-links=\"\">Uma faca foi apreendida pela Pol\u00edcia Cient\u00edfica durante o trabalho pericial na casa onde ocorreu o crime.<\/p>\n<\/div>\n<div class=\"mc-column content-text active-extra-styles \" style=\"text-align: justify;\" data-block-type=\"unstyled\" data-block-weight=\"25\" data-block-id=\"7\">\n<p class=\"content-text__container \" data-track-category=\"Link no Texto\" data-track-links=\"\">Conforme consta no boletim de ocorr\u00eancia, todos os elementos apresentados, em especial, as oitivas dos policiais e de uma testemunha, indicam o crime de infantic\u00eddio.<\/p>\n<\/div>\n<div class=\"mc-column content-text active-extra-styles \" style=\"text-align: justify;\" data-block-type=\"unstyled\" data-block-weight=\"55\" data-block-id=\"8\">\n<p class=\"content-text__container \" data-track-category=\"Link no Texto\" data-track-links=\"\">O delegado ainda levou em considera\u00e7\u00e3o que o crime foi logo ap\u00f3s o nascimento da crian\u00e7a. Ele cita que o &#8220;estado puerperal da autora como elemento presente quando o cometimento do crime&#8221;. &#8220;\u00c9 a situa\u00e7\u00e3o em que a mulher, sob o trauma da parturi\u00e7\u00e3o e dominada pelos elementos psicol\u00f3gicos, pratica a morte do rec\u00e9m-nascido&#8221;, explicou.<\/p>\n<\/div>\n<div class=\"mc-column content-text active-extra-styles \" style=\"text-align: justify;\" data-block-type=\"unstyled\" data-block-weight=\"47\" data-block-id=\"9\">\n<p class=\"content-text__container \" data-track-category=\"Link no Texto\" data-track-links=\"\">No boletim de ocorr\u00eancia, ele tamb\u00e9m enfatizou que a conduta da mulher &#8220;ocorreu logo ap\u00f3s o parto, o que faz presumir estar ela sob a influ\u00eancia do estado puerperal, j\u00e1 que este \u00e9 o efeito costumeiro de qualquer parto, n\u00e3o depende o seu reconhecimento de prova pericial&#8221;.<\/p>\n<\/div>\n<div class=\"mc-column content-text active-extra-styles\" style=\"text-align: justify;\" data-block-type=\"raw\" data-block-weight=\"2\" data-block-id=\"10\">\n<div class=\"content-intertitle\">\n<h2>Os fatos<\/h2>\n<\/div>\n<\/div>\n<div class=\"mc-column content-text active-extra-styles \" style=\"text-align: justify;\" data-block-type=\"unstyled\" data-block-weight=\"40\" data-block-id=\"11\">\n<p class=\"content-text__container \" data-track-category=\"Link no Texto\" data-track-links=\"\">A princ\u00edpio, a Pol\u00edcia Militar foi acionada para \u201caux\u00edlio \u00e0 gestante\u201d em uma casa do bairro Tapaj\u00f3s. Quando a equipe chegou ao local, constatou que a ent\u00e3o gestante havia sido socorrida ao Hospital Regional e foi recebida por uma testemunha.<\/p>\n<\/div>\n<div class=\"mc-column content-text active-extra-styles \" data-block-type=\"unstyled\" data-block-weight=\"33\" data-block-id=\"12\">\n<p class=\"content-text__container \" style=\"text-align: justify;\" data-track-category=\"Link no Texto\" data-track-links=\"\">Dentro da resid\u00eancia, os militares constataram muitas manchas de sangue em v\u00e1rios c\u00f4modos e m\u00f3veis, al\u00e9m de garrafas de vidros estilha\u00e7adas e uma faca que estava em cima da pia do banheiro.<\/p>\n<div class=\"mc-column content-text active-extra-styles \" style=\"text-align: justify;\" data-block-type=\"unstyled\" data-block-weight=\"22\" data-block-id=\"14\">\n<p class=\"content-text__container \" data-track-category=\"Link no Texto\" data-track-links=\"\">Posteriormente, os policiais visualizaram um saco de lixo de cor preta e dentro dele o corpo de um beb\u00ea, em \u00f3bito.<\/p>\n<\/div>\n<div class=\"mc-column content-text active-extra-styles \" data-block-type=\"unstyled\" data-block-weight=\"19\" data-block-id=\"15\">\n<p class=\"content-text__container \" style=\"text-align: justify;\" data-track-category=\"Link no Texto\" data-track-links=\"\">Depois dos trabalhos periciais, os policiais constataram que \u201ca v\u00edtima apresentava m\u00faltiplas les\u00f5es similares \u00e0quelas produzidas por faca\u201d.<\/p>\n<p style=\"text-align: justify;\" data-track-category=\"Link no Texto\" data-track-links=\"\">Fonte: G1<\/p>\n<\/div>\n<\/div>\n<\/div>\n<\/div>\n<\/div>\n","protected":false},"excerpt":{"rendered":"<p>Corpo da crian\u00e7a apresentava ferimentos provocados por instrumento perfurocortante. Crime foi em Presidente Prudente, nesta segunda-feira (3). Uma mulher de 30 anos foi presa em flagrante por infantic\u00eddio, em\u00a0Presidente Prudente\u00a0(SP), nesta segunda-feira (3). Ela \u00e9 acusada de matar a pr\u00f3pria filha rec\u00e9m-nascida em sua casa, no Residencial Tapaj\u00f3s. Uma faca, possivelmente utilizada no crime, foi [&hellip;]<\/p>\n","protected":false},"author":1,"featured_media":58294,"comment_status":"closed","ping_status":"open","sticky":false,"template":"","format":"standard","meta":{"footnotes":""},"categories":[110,2],"tags":[],"class_list":["post-58293","post","type-post","status-publish","format-standard","has-post-thumbnail","hentry","category-noticiasdestaque","category-policial"],"_links":{"self":[{"href":"https:\/\/jorgezanoni.com.br\/2019\/wp-json\/wp\/v2\/posts\/58293","targetHints":{"allow":["GET"]}}],"collection":[{"href":"https:\/\/jorgezanoni.com.br\/2019\/wp-json\/wp\/v2\/posts"}],"about":[{"href":"https:\/\/jorgezanoni.com.br\/2019\/wp-json\/wp\/v2\/types\/post"}],"author":[{"embeddable":true,"href":"https:\/\/jorgezanoni.com.br\/2019\/wp-json\/wp\/v2\/users\/1"}],"replies":[{"embeddable":true,"href":"https:\/\/jorgezanoni.com.br\/2019\/wp-json\/wp\/v2\/comments?post=58293"}],"version-history":[{"count":0,"href":"https:\/\/jorgezanoni.com.br\/2019\/wp-json\/wp\/v2\/posts\/58293\/revisions"}],"wp:featuredmedia":[{"embeddable":true,"href":"https:\/\/jorgezanoni.com.br\/2019\/wp-json\/wp\/v2\/media\/58294"}],"wp:attachment":[{"href":"https:\/\/jorgezanoni.com.br\/2019\/wp-json\/wp\/v2\/media?parent=58293"}],"wp:term":[{"taxonomy":"category","embeddable":true,"href":"https:\/\/jorgezanoni.com.br\/2019\/wp-json\/wp\/v2\/categories?post=58293"},{"taxonomy":"post_tag","embeddable":true,"href":"https:\/\/jorgezanoni.com.br\/2019\/wp-json\/wp\/v2\/tags?post=58293"}],"curies":[{"name":"wp","href":"https:\/\/api.w.org\/{rel}","templated":true}]}}