{"id":58282,"date":"2022-01-04T11:53:37","date_gmt":"2022-01-04T11:53:37","guid":{"rendered":"https:\/\/jorgezanoni.com.br\/2019\/?p=58282"},"modified":"2022-01-05T01:25:35","modified_gmt":"2022-01-05T01:25:35","slug":"aniversariantes-do-dia-04-01-22","status":"publish","type":"post","link":"https:\/\/jorgezanoni.com.br\/2019\/aniversariantes-do-dia-04-01-22\/","title":{"rendered":"Aniversariantes do Dia 04\/01\/22"},"content":{"rendered":"<p>PARABENIZAMOS OS ANIVERSARIANTES DE HOJE:<\/p>\n<p><img loading=\"lazy\" decoding=\"async\" class=\"alignnone size-full wp-image-58299\" src=\"https:\/\/jorgezanoni.com.br\/2019\/wp-content\/uploads\/2022\/01\/Aldeir-Ferreira-2.jpg\" alt=\"\" width=\"650\" height=\"688\" srcset=\"https:\/\/jorgezanoni.com.br\/2019\/wp-content\/uploads\/2022\/01\/Aldeir-Ferreira-2.jpg 650w, https:\/\/jorgezanoni.com.br\/2019\/wp-content\/uploads\/2022\/01\/Aldeir-Ferreira-2-283x300.jpg 283w, https:\/\/jorgezanoni.com.br\/2019\/wp-content\/uploads\/2022\/01\/Aldeir-Ferreira-2-397x420.jpg 397w\" sizes=\"auto, (max-width: 650px) 100vw, 650px\" \/>Aldeir Ferreira<\/p>\n<p><img loading=\"lazy\" decoding=\"async\" class=\"alignnone size-full wp-image-58283\" src=\"https:\/\/jorgezanoni.com.br\/2019\/wp-content\/uploads\/2022\/01\/Ana-Maria-Antonini-2.jpg\" alt=\"\" width=\"1661\" height=\"1855\" srcset=\"https:\/\/jorgezanoni.com.br\/2019\/wp-content\/uploads\/2022\/01\/Ana-Maria-Antonini-2.jpg 1661w, https:\/\/jorgezanoni.com.br\/2019\/wp-content\/uploads\/2022\/01\/Ana-Maria-Antonini-2-269x300.jpg 269w, https:\/\/jorgezanoni.com.br\/2019\/wp-content\/uploads\/2022\/01\/Ana-Maria-Antonini-2-917x1024.jpg 917w, https:\/\/jorgezanoni.com.br\/2019\/wp-content\/uploads\/2022\/01\/Ana-Maria-Antonini-2-768x858.jpg 768w, https:\/\/jorgezanoni.com.br\/2019\/wp-content\/uploads\/2022\/01\/Ana-Maria-Antonini-2-1375x1536.jpg 1375w, https:\/\/jorgezanoni.com.br\/2019\/wp-content\/uploads\/2022\/01\/Ana-Maria-Antonini-2-696x777.jpg 696w, https:\/\/jorgezanoni.com.br\/2019\/wp-content\/uploads\/2022\/01\/Ana-Maria-Antonini-2-1068x1193.jpg 1068w, https:\/\/jorgezanoni.com.br\/2019\/wp-content\/uploads\/2022\/01\/Ana-Maria-Antonini-2-376x420.jpg 376w\" sizes=\"auto, (max-width: 1661px) 100vw, 1661px\" \/>Ana Maria Antonini<\/p>\n<p><img loading=\"lazy\" decoding=\"async\" class=\"alignnone size-full wp-image-58284\" src=\"https:\/\/jorgezanoni.com.br\/2019\/wp-content\/uploads\/2022\/01\/Ana-Paula-Takayama-2.jpg\" alt=\"\" width=\"509\" height=\"634\" srcset=\"https:\/\/jorgezanoni.com.br\/2019\/wp-content\/uploads\/2022\/01\/Ana-Paula-Takayama-2.jpg 509w, https:\/\/jorgezanoni.com.br\/2019\/wp-content\/uploads\/2022\/01\/Ana-Paula-Takayama-2-241x300.jpg 241w, https:\/\/jorgezanoni.com.br\/2019\/wp-content\/uploads\/2022\/01\/Ana-Paula-Takayama-2-337x420.jpg 337w\" sizes=\"auto, (max-width: 509px) 100vw, 509px\" \/>Ana Paula Takayama<\/p>\n<p><img loading=\"lazy\" decoding=\"async\" class=\"alignnone size-full wp-image-58302\" src=\"https:\/\/jorgezanoni.com.br\/2019\/wp-content\/uploads\/2022\/01\/Diva-Aparecida-Batista-Machado.jpg\" alt=\"\" width=\"528\" height=\"960\" srcset=\"https:\/\/jorgezanoni.com.br\/2019\/wp-content\/uploads\/2022\/01\/Diva-Aparecida-Batista-Machado.jpg 528w, https:\/\/jorgezanoni.com.br\/2019\/wp-content\/uploads\/2022\/01\/Diva-Aparecida-Batista-Machado-165x300.jpg 165w, https:\/\/jorgezanoni.com.br\/2019\/wp-content\/uploads\/2022\/01\/Diva-Aparecida-Batista-Machado-231x420.jpg 231w\" sizes=\"auto, (max-width: 528px) 100vw, 528px\" \/>Diva Aparecida Batista Machado<\/p>\n<p><img loading=\"lazy\" decoding=\"async\" class=\"alignnone size-full wp-image-58285\" src=\"https:\/\/jorgezanoni.com.br\/2019\/wp-content\/uploads\/2022\/01\/Flavia-Cristina-Leite-Vasconcellos-15-Anos-2.jpg\" alt=\"\" width=\"719\" height=\"1156\" srcset=\"https:\/\/jorgezanoni.com.br\/2019\/wp-content\/uploads\/2022\/01\/Flavia-Cristina-Leite-Vasconcellos-15-Anos-2.jpg 719w, https:\/\/jorgezanoni.com.br\/2019\/wp-content\/uploads\/2022\/01\/Flavia-Cristina-Leite-Vasconcellos-15-Anos-2-187x300.jpg 187w, https:\/\/jorgezanoni.com.br\/2019\/wp-content\/uploads\/2022\/01\/Flavia-Cristina-Leite-Vasconcellos-15-Anos-2-637x1024.jpg 637w, https:\/\/jorgezanoni.com.br\/2019\/wp-content\/uploads\/2022\/01\/Flavia-Cristina-Leite-Vasconcellos-15-Anos-2-696x1119.jpg 696w, https:\/\/jorgezanoni.com.br\/2019\/wp-content\/uploads\/2022\/01\/Flavia-Cristina-Leite-Vasconcellos-15-Anos-2-261x420.jpg 261w\" sizes=\"auto, (max-width: 719px) 100vw, 719px\" \/>Fl\u00e1via Cristina Leite Vasconcellos<\/p>\n<p><img loading=\"lazy\" decoding=\"async\" class=\"alignnone size-full wp-image-58286\" src=\"https:\/\/jorgezanoni.com.br\/2019\/wp-content\/uploads\/2022\/01\/Irma-Neide-2.jpg\" alt=\"\" width=\"360\" height=\"774\" srcset=\"https:\/\/jorgezanoni.com.br\/2019\/wp-content\/uploads\/2022\/01\/Irma-Neide-2.jpg 360w, https:\/\/jorgezanoni.com.br\/2019\/wp-content\/uploads\/2022\/01\/Irma-Neide-2-140x300.jpg 140w, https:\/\/jorgezanoni.com.br\/2019\/wp-content\/uploads\/2022\/01\/Irma-Neide-2-195x420.jpg 195w\" sizes=\"auto, (max-width: 360px) 100vw, 360px\" \/>Irm\u00e3 Neide<\/p>\n<p><img loading=\"lazy\" decoding=\"async\" class=\"alignnone size-full wp-image-58287\" src=\"https:\/\/jorgezanoni.com.br\/2019\/wp-content\/uploads\/2022\/01\/Jose-Cleris-Santos-Caldas-2.jpg\" alt=\"\" width=\"256\" height=\"292\" \/>Jos\u00e9 Cleris Santos Caldas<\/p>\n<p><img loading=\"lazy\" decoding=\"async\" class=\"alignnone size-full wp-image-58288\" src=\"https:\/\/jorgezanoni.com.br\/2019\/wp-content\/uploads\/2022\/01\/Leni-Be.jpg\" alt=\"\" width=\"819\" height=\"827\" srcset=\"https:\/\/jorgezanoni.com.br\/2019\/wp-content\/uploads\/2022\/01\/Leni-Be.jpg 819w, https:\/\/jorgezanoni.com.br\/2019\/wp-content\/uploads\/2022\/01\/Leni-Be-297x300.jpg 297w, https:\/\/jorgezanoni.com.br\/2019\/wp-content\/uploads\/2022\/01\/Leni-Be-150x150.jpg 150w, https:\/\/jorgezanoni.com.br\/2019\/wp-content\/uploads\/2022\/01\/Leni-Be-768x776.jpg 768w, https:\/\/jorgezanoni.com.br\/2019\/wp-content\/uploads\/2022\/01\/Leni-Be-696x703.jpg 696w, https:\/\/jorgezanoni.com.br\/2019\/wp-content\/uploads\/2022\/01\/Leni-Be-416x420.jpg 416w\" sizes=\"auto, (max-width: 819px) 100vw, 819px\" \/>Leni Be<\/p>\n<p><img loading=\"lazy\" decoding=\"async\" class=\"alignnone size-full wp-image-58289\" src=\"https:\/\/jorgezanoni.com.br\/2019\/wp-content\/uploads\/2022\/01\/Rosimar-Moraes-2.jpg\" alt=\"\" width=\"652\" height=\"695\" srcset=\"https:\/\/jorgezanoni.com.br\/2019\/wp-content\/uploads\/2022\/01\/Rosimar-Moraes-2.jpg 652w, https:\/\/jorgezanoni.com.br\/2019\/wp-content\/uploads\/2022\/01\/Rosimar-Moraes-2-281x300.jpg 281w, https:\/\/jorgezanoni.com.br\/2019\/wp-content\/uploads\/2022\/01\/Rosimar-Moraes-2-394x420.jpg 394w\" sizes=\"auto, (max-width: 652px) 100vw, 652px\" \/>Rosimar Moraes<\/p>\n<p><img loading=\"lazy\" decoding=\"async\" class=\"alignnone size-full wp-image-58290\" src=\"https:\/\/jorgezanoni.com.br\/2019\/wp-content\/uploads\/2022\/01\/Selma-Peratelli-05-10-1.jpg\" alt=\"\" width=\"1200\" height=\"1600\" srcset=\"https:\/\/jorgezanoni.com.br\/2019\/wp-content\/uploads\/2022\/01\/Selma-Peratelli-05-10-1.jpg 1200w, https:\/\/jorgezanoni.com.br\/2019\/wp-content\/uploads\/2022\/01\/Selma-Peratelli-05-10-1-225x300.jpg 225w, https:\/\/jorgezanoni.com.br\/2019\/wp-content\/uploads\/2022\/01\/Selma-Peratelli-05-10-1-768x1024.jpg 768w, https:\/\/jorgezanoni.com.br\/2019\/wp-content\/uploads\/2022\/01\/Selma-Peratelli-05-10-1-1152x1536.jpg 1152w, https:\/\/jorgezanoni.com.br\/2019\/wp-content\/uploads\/2022\/01\/Selma-Peratelli-05-10-1-696x928.jpg 696w, https:\/\/jorgezanoni.com.br\/2019\/wp-content\/uploads\/2022\/01\/Selma-Peratelli-05-10-1-1068x1424.jpg 1068w, https:\/\/jorgezanoni.com.br\/2019\/wp-content\/uploads\/2022\/01\/Selma-Peratelli-05-10-1-315x420.jpg 315w\" sizes=\"auto, (max-width: 1200px) 100vw, 1200px\" \/>Selma Peratelli<\/p>\n<p><img loading=\"lazy\" decoding=\"async\" class=\"alignnone size-full wp-image-58291\" src=\"https:\/\/jorgezanoni.com.br\/2019\/wp-content\/uploads\/2022\/01\/Suzana-Kawashi-2.jpg\" alt=\"\" width=\"720\" height=\"1023\" srcset=\"https:\/\/jorgezanoni.com.br\/2019\/wp-content\/uploads\/2022\/01\/Suzana-Kawashi-2.jpg 720w, https:\/\/jorgezanoni.com.br\/2019\/wp-content\/uploads\/2022\/01\/Suzana-Kawashi-2-211x300.jpg 211w, https:\/\/jorgezanoni.com.br\/2019\/wp-content\/uploads\/2022\/01\/Suzana-Kawashi-2-696x989.jpg 696w, https:\/\/jorgezanoni.com.br\/2019\/wp-content\/uploads\/2022\/01\/Suzana-Kawashi-2-296x420.jpg 296w\" sizes=\"auto, (max-width: 720px) 100vw, 720px\" \/>Suzana Kawashi<\/p>\n","protected":false},"excerpt":{"rendered":"<p>PARABENIZAMOS OS ANIVERSARIANTES DE HOJE: Aldeir Ferreira Ana Maria Antonini Ana Paula Takayama Diva Aparecida Batista Machado Fl\u00e1via Cristina Leite Vasconcellos Irm\u00e3 Neide Jos\u00e9 Cleris Santos Caldas Leni Be Rosimar Moraes Selma Peratelli Suzana Kawashi<\/p>\n","protected":false},"author":1,"featured_media":58290,"comment_status":"closed","ping_status":"open","sticky":false,"template":"","format":"standard","meta":{"footnotes":""},"categories":[174,110],"tags":[],"class_list":["post-58282","post","type-post","status-publish","format-standard","has-post-thumbnail","hentry","category-aniversariantes","category-noticiasdestaque"],"_links":{"self":[{"href":"https:\/\/jorgezanoni.com.br\/2019\/wp-json\/wp\/v2\/posts\/58282","targetHints":{"allow":["GET"]}}],"collection":[{"href":"https:\/\/jorgezanoni.com.br\/2019\/wp-json\/wp\/v2\/posts"}],"about":[{"href":"https:\/\/jorgezanoni.com.br\/2019\/wp-json\/wp\/v2\/types\/post"}],"author":[{"embeddable":true,"href":"https:\/\/jorgezanoni.com.br\/2019\/wp-json\/wp\/v2\/users\/1"}],"replies":[{"embeddable":true,"href":"https:\/\/jorgezanoni.com.br\/2019\/wp-json\/wp\/v2\/comments?post=58282"}],"version-history":[{"count":0,"href":"https:\/\/jorgezanoni.com.br\/2019\/wp-json\/wp\/v2\/posts\/58282\/revisions"}],"wp:featuredmedia":[{"embeddable":true,"href":"https:\/\/jorgezanoni.com.br\/2019\/wp-json\/wp\/v2\/media\/58290"}],"wp:attachment":[{"href":"https:\/\/jorgezanoni.com.br\/2019\/wp-json\/wp\/v2\/media?parent=58282"}],"wp:term":[{"taxonomy":"category","embeddable":true,"href":"https:\/\/jorgezanoni.com.br\/2019\/wp-json\/wp\/v2\/categories?post=58282"},{"taxonomy":"post_tag","embeddable":true,"href":"https:\/\/jorgezanoni.com.br\/2019\/wp-json\/wp\/v2\/tags?post=58282"}],"curies":[{"name":"wp","href":"https:\/\/api.w.org\/{rel}","templated":true}]}}