{"id":5828,"date":"2019-09-10T23:54:54","date_gmt":"2019-09-10T23:54:54","guid":{"rendered":"https:\/\/jorgezanoni.com.br\/2019\/?p=5828"},"modified":"2019-09-10T23:54:54","modified_gmt":"2019-09-10T23:54:54","slug":"motociclista-de-25-anos-morre-vitima-de-acidente-de-transito-na-rodovia-assis-chateaubriand","status":"publish","type":"post","link":"https:\/\/jorgezanoni.com.br\/2019\/motociclista-de-25-anos-morre-vitima-de-acidente-de-transito-na-rodovia-assis-chateaubriand\/","title":{"rendered":"Motociclista de 25 anos morre v\u00edtima de acidente de tr\u00e2nsito na Rodovia Assis Chateaubriand"},"content":{"rendered":"<h2 class=\"content-head__subtitle\" style=\"text-align: justify;\"><strong>Pol\u00edcia Militar Rodovi\u00e1ria suspeita de que ve\u00edculo tenha sido atingido na traseira, provavelmente, por um caminh\u00e3o, em Indiana, nesta ter\u00e7a-feira (10).<\/strong><\/h2>\n<p><img loading=\"lazy\" decoding=\"async\" class=\"alignnone size-full wp-image-5829\" src=\"https:\/\/jorgezanoni.com.br\/2019\/wp-content\/uploads\/2019\/09\/moto.jpg\" alt=\"\" width=\"800\" height=\"513\" srcset=\"https:\/\/jorgezanoni.com.br\/2019\/wp-content\/uploads\/2019\/09\/moto.jpg 800w, https:\/\/jorgezanoni.com.br\/2019\/wp-content\/uploads\/2019\/09\/moto-300x192.jpg 300w, https:\/\/jorgezanoni.com.br\/2019\/wp-content\/uploads\/2019\/09\/moto-768x492.jpg 768w, https:\/\/jorgezanoni.com.br\/2019\/wp-content\/uploads\/2019\/09\/moto-696x446.jpg 696w, https:\/\/jorgezanoni.com.br\/2019\/wp-content\/uploads\/2019\/09\/moto-655x420.jpg 655w\" sizes=\"auto, (max-width: 800px) 100vw, 800px\" \/><\/p>\n<div class=\"mc-column content-text active-extra-styles \" data-block-type=\"unstyled\" data-block-weight=\"23\" data-block-id=\"2\">\n<p class=\"content-text__container \" style=\"text-align: justify;\" data-track-category=\"Link no Texto\" data-track-links=\"\">Um homem de 25 anos morreu v\u00edtima de acidente de tr\u00e2nsito na manh\u00e3 desta ter\u00e7a-feira (10) na Rodovia Assis Chateaubriand (SP-425), em\u00a0<a href=\"https:\/\/g1.globo.com\/sp\/presidente-prudente-regiao\/cidade\/indiana\/\">Indiana<\/a>.<\/p>\n<\/div>\n<div class=\"wall protected-content\">\n<div class=\"mc-column content-text active-extra-styles \" style=\"text-align: justify;\" data-block-type=\"unstyled\" data-block-weight=\"29\" data-block-id=\"3\">\n<p class=\"content-text__container \" data-track-category=\"Link no Texto\" data-track-links=\"\">De acordo com a Pol\u00edcia Militar Rodovi\u00e1ria, ele seguia em uma motocicleta pela via, no sentido Regente Feij\u00f3\u2013Martin\u00f3polis, quando o ve\u00edculo foi atingido na traseira, provavelmente, por um caminh\u00e3o.<\/p>\n<\/div>\n<div class=\"mc-column content-text active-extra-styles \" style=\"text-align: justify;\" data-block-type=\"unstyled\" data-block-weight=\"21\" data-block-id=\"4\">\n<p class=\"content-text__container \" data-track-category=\"Link no Texto\" data-track-links=\"\">A hip\u00f3tese foi aventada pela pol\u00edcia com base nos danos no ve\u00edculo e na posi\u00e7\u00e3o em que se encontrava no local.<\/p>\n<\/div>\n<div class=\"mc-column content-text active-extra-styles \" style=\"text-align: justify;\" data-block-type=\"unstyled\" data-block-weight=\"19\" data-block-id=\"5\">\n<p class=\"content-text__container \" data-track-category=\"Link no Texto\" data-track-links=\"\">Ainda segundo a pol\u00edcia, a pessoa que conduzia o prov\u00e1vel caminh\u00e3o deixou o local sem prestar socorro \u00e0 v\u00edtima.<\/p>\n<\/div>\n<div class=\"mc-column content-text active-extra-styles \" style=\"text-align: justify;\" data-block-type=\"unstyled\" data-block-weight=\"40\" data-block-id=\"6\">\n<p class=\"content-text__container \" data-track-category=\"Link no Texto\" data-track-links=\"\">J\u00e1 a motocicleta, com placa de\u00a0<a href=\"https:\/\/g1.globo.com\/sp\/presidente-prudente-regiao\/cidade\/martinopolis-sp\/\">Martin\u00f3polis<\/a>, e o homem que a conduzia ca\u00edram na faixa de rolamento, que precisou ser interditada para o atendimento da ocorr\u00eancia, por volta das 11h25, na altura do km 438,900, e depois foi liberada.<\/p>\n<p data-track-category=\"Link no Texto\" data-track-links=\"\"><img loading=\"lazy\" decoding=\"async\" class=\"alignnone size-full wp-image-5830\" src=\"https:\/\/jorgezanoni.com.br\/2019\/wp-content\/uploads\/2019\/09\/moto3.jpg\" alt=\"\" width=\"1000\" height=\"491\" srcset=\"https:\/\/jorgezanoni.com.br\/2019\/wp-content\/uploads\/2019\/09\/moto3.jpg 1000w, https:\/\/jorgezanoni.com.br\/2019\/wp-content\/uploads\/2019\/09\/moto3-300x147.jpg 300w, https:\/\/jorgezanoni.com.br\/2019\/wp-content\/uploads\/2019\/09\/moto3-768x377.jpg 768w, https:\/\/jorgezanoni.com.br\/2019\/wp-content\/uploads\/2019\/09\/moto3-324x160.jpg 324w, https:\/\/jorgezanoni.com.br\/2019\/wp-content\/uploads\/2019\/09\/moto3-533x261.jpg 533w, https:\/\/jorgezanoni.com.br\/2019\/wp-content\/uploads\/2019\/09\/moto3-696x342.jpg 696w, https:\/\/jorgezanoni.com.br\/2019\/wp-content\/uploads\/2019\/09\/moto3-855x420.jpg 855w\" sizes=\"auto, (max-width: 1000px) 100vw, 1000px\" \/>Jovem motociclista morreu v\u00edtima de acidente em Indiana \u2014 Foto: Reprodu\u00e7\u00e3o\/TV Fronteira<\/p>\n<\/div>\n<div class=\"mc-column content-text active-extra-styles \" style=\"text-align: justify;\" data-block-type=\"unstyled\" data-block-weight=\"33\" data-block-id=\"7\">\n<p class=\"content-text__container \" data-track-category=\"Link no Texto\" data-track-links=\"\">O motociclista chegou a ser socorrido em estado grave pelo Corpo de Bombeiros e encaminhado \u00e0 Santa Casa de Miseric\u00f3rdia de Martin\u00f3polis, para receber atendimento m\u00e9dico, mas n\u00e3o resistiu aos ferimentos e morreu.<\/p>\n<p data-track-category=\"Link no Texto\" data-track-links=\"\"><img loading=\"lazy\" decoding=\"async\" class=\"alignnone size-full wp-image-5831\" src=\"https:\/\/jorgezanoni.com.br\/2019\/wp-content\/uploads\/2019\/09\/moto4.jpg\" alt=\"\" width=\"1000\" height=\"496\" srcset=\"https:\/\/jorgezanoni.com.br\/2019\/wp-content\/uploads\/2019\/09\/moto4.jpg 1000w, https:\/\/jorgezanoni.com.br\/2019\/wp-content\/uploads\/2019\/09\/moto4-300x149.jpg 300w, https:\/\/jorgezanoni.com.br\/2019\/wp-content\/uploads\/2019\/09\/moto4-768x381.jpg 768w, https:\/\/jorgezanoni.com.br\/2019\/wp-content\/uploads\/2019\/09\/moto4-324x160.jpg 324w, https:\/\/jorgezanoni.com.br\/2019\/wp-content\/uploads\/2019\/09\/moto4-696x345.jpg 696w, https:\/\/jorgezanoni.com.br\/2019\/wp-content\/uploads\/2019\/09\/moto4-847x420.jpg 847w\" sizes=\"auto, (max-width: 1000px) 100vw, 1000px\" \/><\/p>\n<div class=\"row medium-uncollapsed content-media content-photo\" data-block-type=\"backstage-photo\" data-block-id=\"11\">\n<div class=\"mc-column content-media__container\">\n<p class=\"content-media__description \">Jovem motociclista morreu v\u00edtima de acidente em Indiana \u2014 Foto: Reprodu\u00e7\u00e3o\/TV Fronteira<\/p>\n<p><img loading=\"lazy\" decoding=\"async\" class=\"alignnone size-full wp-image-5832\" src=\"https:\/\/jorgezanoni.com.br\/2019\/wp-content\/uploads\/2019\/09\/moto5-1.jpg\" alt=\"\" width=\"1000\" height=\"488\" srcset=\"https:\/\/jorgezanoni.com.br\/2019\/wp-content\/uploads\/2019\/09\/moto5-1.jpg 1000w, https:\/\/jorgezanoni.com.br\/2019\/wp-content\/uploads\/2019\/09\/moto5-1-300x146.jpg 300w, https:\/\/jorgezanoni.com.br\/2019\/wp-content\/uploads\/2019\/09\/moto5-1-768x375.jpg 768w, https:\/\/jorgezanoni.com.br\/2019\/wp-content\/uploads\/2019\/09\/moto5-1-533x261.jpg 533w, https:\/\/jorgezanoni.com.br\/2019\/wp-content\/uploads\/2019\/09\/moto5-1-696x340.jpg 696w, https:\/\/jorgezanoni.com.br\/2019\/wp-content\/uploads\/2019\/09\/moto5-1-861x420.jpg 861w\" sizes=\"auto, (max-width: 1000px) 100vw, 1000px\" \/>Jovem motociclista morreu v\u00edtima de acidente em Indiana \u2014 Foto: Reprodu\u00e7\u00e3o\/TV Fronteira<\/p>\n<\/div>\n<\/div>\n<\/div>\n<div class=\"mc-column content-text active-extra-styles \" data-block-type=\"unstyled\" data-block-weight=\"15\" data-block-id=\"8\">\n<p class=\"content-text__container \" style=\"text-align: justify;\" data-track-category=\"Link no Texto\" data-track-links=\"\">A Pol\u00edcia Cient\u00edfica foi acionada para periciar o local e apurar as circunst\u00e2ncias do acidente.<\/p>\n<p style=\"text-align: justify;\" data-track-category=\"Link no Texto\" data-track-links=\"\">Fonte: G1<\/p>\n<\/div>\n<\/div>\n","protected":false},"excerpt":{"rendered":"<p>Pol\u00edcia Militar Rodovi\u00e1ria suspeita de que ve\u00edculo tenha sido atingido na traseira, provavelmente, por um caminh\u00e3o, em Indiana, nesta ter\u00e7a-feira (10). Um homem de 25 anos morreu v\u00edtima de acidente de tr\u00e2nsito na manh\u00e3 desta ter\u00e7a-feira (10) na Rodovia Assis Chateaubriand (SP-425), em\u00a0Indiana. De acordo com a Pol\u00edcia Militar Rodovi\u00e1ria, ele seguia em uma motocicleta [&hellip;]<\/p>\n","protected":false},"author":1,"featured_media":5833,"comment_status":"closed","ping_status":"open","sticky":false,"template":"","format":"standard","meta":{"footnotes":""},"categories":[170,110],"tags":[],"class_list":["post-5828","post","type-post","status-publish","format-standard","has-post-thumbnail","hentry","category-acidentes","category-noticiasdestaque"],"_links":{"self":[{"href":"https:\/\/jorgezanoni.com.br\/2019\/wp-json\/wp\/v2\/posts\/5828","targetHints":{"allow":["GET"]}}],"collection":[{"href":"https:\/\/jorgezanoni.com.br\/2019\/wp-json\/wp\/v2\/posts"}],"about":[{"href":"https:\/\/jorgezanoni.com.br\/2019\/wp-json\/wp\/v2\/types\/post"}],"author":[{"embeddable":true,"href":"https:\/\/jorgezanoni.com.br\/2019\/wp-json\/wp\/v2\/users\/1"}],"replies":[{"embeddable":true,"href":"https:\/\/jorgezanoni.com.br\/2019\/wp-json\/wp\/v2\/comments?post=5828"}],"version-history":[{"count":0,"href":"https:\/\/jorgezanoni.com.br\/2019\/wp-json\/wp\/v2\/posts\/5828\/revisions"}],"wp:featuredmedia":[{"embeddable":true,"href":"https:\/\/jorgezanoni.com.br\/2019\/wp-json\/wp\/v2\/media\/5833"}],"wp:attachment":[{"href":"https:\/\/jorgezanoni.com.br\/2019\/wp-json\/wp\/v2\/media?parent=5828"}],"wp:term":[{"taxonomy":"category","embeddable":true,"href":"https:\/\/jorgezanoni.com.br\/2019\/wp-json\/wp\/v2\/categories?post=5828"},{"taxonomy":"post_tag","embeddable":true,"href":"https:\/\/jorgezanoni.com.br\/2019\/wp-json\/wp\/v2\/tags?post=5828"}],"curies":[{"name":"wp","href":"https:\/\/api.w.org\/{rel}","templated":true}]}}