{"id":58268,"date":"2022-01-03T20:11:40","date_gmt":"2022-01-03T20:11:40","guid":{"rendered":"https:\/\/jorgezanoni.com.br\/2019\/?p=58268"},"modified":"2022-01-03T20:11:40","modified_gmt":"2022-01-03T20:11:40","slug":"eloah-fernanda-e-a-primeira-bebe-nascida-em-2-022-na-santa-casa-de-dracena","status":"publish","type":"post","link":"https:\/\/jorgezanoni.com.br\/2019\/eloah-fernanda-e-a-primeira-bebe-nascida-em-2-022-na-santa-casa-de-dracena\/","title":{"rendered":"Eloah Fernanda \u00e9 a primeira beb\u00ea nascida em 2.022 na Santa Casa de Dracena"},"content":{"rendered":"<p style=\"text-align: justify;\">Eloah Fernanda da Silva Santos \u00e9 a primeira crian\u00e7a que nasceu na Santa Casa de Dracena em 2.022<\/p>\n<p style=\"text-align: justify;\">Ela veio ao mundo no dia 1\u00ba de janeiro de janeiro, \u00e0s 08:14 Horas, pesando 3,955 kg e medindo 52 cm.<\/p>\n<p style=\"text-align: justify;\">\u00c9 filha do casal Raquel da Silva e Fernando da Silva Santos.<\/p>\n<p style=\"text-align: justify;\">Ela vem alegrar a fam\u00edlia que j\u00e1 possui 5 filhos, todos meninos, sendo 3 da m\u00e3e, o Pedro, Pablo e N\u00edcolas e 2 do pai, Pietro e Pedro.<\/p>\n<p><img loading=\"lazy\" decoding=\"async\" class=\"alignnone size-full wp-image-58269\" src=\"https:\/\/jorgezanoni.com.br\/2019\/wp-content\/uploads\/2022\/01\/Elo-2.jpg\" alt=\"\" width=\"682\" height=\"997\" srcset=\"https:\/\/jorgezanoni.com.br\/2019\/wp-content\/uploads\/2022\/01\/Elo-2.jpg 682w, https:\/\/jorgezanoni.com.br\/2019\/wp-content\/uploads\/2022\/01\/Elo-2-205x300.jpg 205w, https:\/\/jorgezanoni.com.br\/2019\/wp-content\/uploads\/2022\/01\/Elo-2-287x420.jpg 287w\" sizes=\"auto, (max-width: 682px) 100vw, 682px\" \/> <img loading=\"lazy\" decoding=\"async\" class=\"alignnone size-full wp-image-58271\" src=\"https:\/\/jorgezanoni.com.br\/2019\/wp-content\/uploads\/2022\/01\/Elo2.jpg\" alt=\"\" width=\"738\" height=\"1600\" srcset=\"https:\/\/jorgezanoni.com.br\/2019\/wp-content\/uploads\/2022\/01\/Elo2.jpg 738w, https:\/\/jorgezanoni.com.br\/2019\/wp-content\/uploads\/2022\/01\/Elo2-138x300.jpg 138w, https:\/\/jorgezanoni.com.br\/2019\/wp-content\/uploads\/2022\/01\/Elo2-472x1024.jpg 472w, https:\/\/jorgezanoni.com.br\/2019\/wp-content\/uploads\/2022\/01\/Elo2-708x1536.jpg 708w, https:\/\/jorgezanoni.com.br\/2019\/wp-content\/uploads\/2022\/01\/Elo2-696x1509.jpg 696w, https:\/\/jorgezanoni.com.br\/2019\/wp-content\/uploads\/2022\/01\/Elo2-194x420.jpg 194w\" sizes=\"auto, (max-width: 738px) 100vw, 738px\" \/><\/p>\n<p>O Site JZ parabeniza os pais e seja toda a sa\u00fade e felicidade do mundo a linda Eloah. Que Deus a aben\u00e7oe.<\/p>\n<p>Jorge Zanoni<\/p>\n","protected":false},"excerpt":{"rendered":"<p>Eloah Fernanda da Silva Santos \u00e9 a primeira crian\u00e7a que nasceu na Santa Casa de Dracena em 2.022 Ela veio ao mundo no dia 1\u00ba de janeiro de janeiro, \u00e0s 08:14 Horas, pesando 3,955 kg e medindo 52 cm. \u00c9 filha do casal Raquel da Silva e Fernando da Silva Santos. Ela vem alegrar a [&hellip;]<\/p>\n","protected":false},"author":1,"featured_media":58270,"comment_status":"closed","ping_status":"open","sticky":false,"template":"","format":"standard","meta":{"footnotes":""},"categories":[179,184,110],"tags":[],"class_list":["post-58268","post","type-post","status-publish","format-standard","has-post-thumbnail","hentry","category-cidadeseregiao","category-dracena","category-noticiasdestaque"],"_links":{"self":[{"href":"https:\/\/jorgezanoni.com.br\/2019\/wp-json\/wp\/v2\/posts\/58268","targetHints":{"allow":["GET"]}}],"collection":[{"href":"https:\/\/jorgezanoni.com.br\/2019\/wp-json\/wp\/v2\/posts"}],"about":[{"href":"https:\/\/jorgezanoni.com.br\/2019\/wp-json\/wp\/v2\/types\/post"}],"author":[{"embeddable":true,"href":"https:\/\/jorgezanoni.com.br\/2019\/wp-json\/wp\/v2\/users\/1"}],"replies":[{"embeddable":true,"href":"https:\/\/jorgezanoni.com.br\/2019\/wp-json\/wp\/v2\/comments?post=58268"}],"version-history":[{"count":0,"href":"https:\/\/jorgezanoni.com.br\/2019\/wp-json\/wp\/v2\/posts\/58268\/revisions"}],"wp:featuredmedia":[{"embeddable":true,"href":"https:\/\/jorgezanoni.com.br\/2019\/wp-json\/wp\/v2\/media\/58270"}],"wp:attachment":[{"href":"https:\/\/jorgezanoni.com.br\/2019\/wp-json\/wp\/v2\/media?parent=58268"}],"wp:term":[{"taxonomy":"category","embeddable":true,"href":"https:\/\/jorgezanoni.com.br\/2019\/wp-json\/wp\/v2\/categories?post=58268"},{"taxonomy":"post_tag","embeddable":true,"href":"https:\/\/jorgezanoni.com.br\/2019\/wp-json\/wp\/v2\/tags?post=58268"}],"curies":[{"name":"wp","href":"https:\/\/api.w.org\/{rel}","templated":true}]}}