{"id":58265,"date":"2022-01-03T18:47:13","date_gmt":"2022-01-03T18:47:13","guid":{"rendered":"https:\/\/jorgezanoni.com.br\/2019\/?p=58265"},"modified":"2022-01-03T18:47:13","modified_gmt":"2022-01-03T18:47:13","slug":"policia-civil-investiga-furto-de-quase-30-armas-de-fogo-de-colecionador-em-osvaldo-cruz","status":"publish","type":"post","link":"https:\/\/jorgezanoni.com.br\/2019\/policia-civil-investiga-furto-de-quase-30-armas-de-fogo-de-colecionador-em-osvaldo-cruz\/","title":{"rendered":"Pol\u00edcia Civil investiga furto de quase 30 armas de fogo de colecionador em Osvaldo Cruz"},"content":{"rendered":"<div class=\"mc-column content-text active-extra-styles \" data-block-type=\"unstyled\" data-block-weight=\"33\" data-block-id=\"2\">\n<p class=\"content-text__container \" style=\"text-align: justify;\" data-track-category=\"Link no Texto\" data-track-links=\"\">Um inqu\u00e9rito policial foi instaurado para investigar o furto de quase 30 armas de fogo de uma est\u00e2ncia, na \u00e1rea rural de\u00a0<a href=\"https:\/\/g1.globo.com\/sp\/presidente-prudente-regiao\/cidade\/osvaldo-cruz\/\">Osvaldo Cruz<\/a>\u00a0(SP). A ocorr\u00eancia foi divulgada nesta segunda-feira (3).<\/p>\n<\/div>\n<div class=\"wall protected-content\">\n<div class=\"mc-column content-text active-extra-styles \" style=\"text-align: justify;\" data-block-type=\"unstyled\" data-block-weight=\"37\" data-block-id=\"3\">\n<p class=\"content-text__container \" data-track-category=\"Link no Texto\" data-track-links=\"\">De acordo com o Boletim de Ocorr\u00eancia, na est\u00e2ncia, os policiais encontraram um funcion\u00e1rio, de 29 anos, que informou que ao chegar para trabalhar observou que o cadeado do port\u00e3o de acesso \u00e0 propriedade estava danificado.<\/p>\n<\/div>\n<div class=\"mc-column content-text active-extra-styles \" style=\"text-align: justify;\" data-block-type=\"unstyled\" data-block-weight=\"29\" data-block-id=\"4\">\n<p class=\"content-text__container \" data-track-category=\"Link no Texto\" data-track-links=\"\">Ao entrar na sede, segundo o boletim, o trabalhador viu que a porta da cozinha tamb\u00e9m havia sido danificada. Na sala, um dos cofres do im\u00f3vel estava aberto.<\/p>\n<\/div>\n<div class=\"mc-column content-text active-extra-styles \" style=\"text-align: justify;\" data-block-type=\"unstyled\" data-block-weight=\"38\" data-block-id=\"5\">\n<p class=\"content-text__container \" data-track-category=\"Link no Texto\" data-track-links=\"\">O trabalhador disse \u00e0 pol\u00edcia que entrou em contato com o propriet\u00e1rio da est\u00e2ncia, um homem de 47 anos, que informou ao funcion\u00e1rio que no local haviam dois cofres e que ambos estavam com armas e muni\u00e7\u00f5es.<\/p>\n<\/div>\n<div class=\"mc-column content-text active-extra-styles \" style=\"text-align: justify;\" data-block-type=\"unstyled\" data-block-weight=\"33\" data-block-id=\"7\">\n<p class=\"content-text__container \" data-track-category=\"Link no Texto\" data-track-links=\"\">Ao\u00a0<a href=\"https:\/\/g1.globo.com\/sp\/presidente-prudente-regiao\/\"><strong>g1<\/strong><\/a>, o delegado Eder Silva Monarin disse que todas as 28 armas furtadas s\u00e3o legalizadas, estavam com a documenta\u00e7\u00e3o em dia e faziam parte de uma cole\u00e7\u00e3o do propriet\u00e1rio do im\u00f3vel.<\/p>\n<\/div>\n<div class=\"mc-column content-text active-extra-styles \" style=\"text-align: justify;\" data-block-type=\"unstyled\" data-block-weight=\"23\" data-block-id=\"8\">\n<p class=\"content-text__container \" data-track-category=\"Link no Texto\" data-track-links=\"\">Entre as armas furtadas, tinham oito carabinas, quatro espingardas, dois fuzis, nove pistolas, um pistol\u00e3o e quatro rev\u00f3lveres. Muni\u00e7\u00f5es tamb\u00e9m foram subtra\u00eddas.<\/p>\n<\/div>\n<div class=\"mc-column content-text active-extra-styles \" style=\"text-align: justify;\" data-block-type=\"unstyled\" data-block-weight=\"8\" data-block-id=\"9\">\n<p class=\"content-text__container \" data-track-category=\"Link no Texto\" data-track-links=\"\">O local n\u00e3o possui c\u00e2meras de seguran\u00e7a.<\/p>\n<\/div>\n<div class=\"mc-column content-text active-extra-styles \" data-block-type=\"unstyled\" data-block-weight=\"5\" data-block-id=\"10\">\n<p class=\"content-text__container \" style=\"text-align: justify;\" data-track-category=\"Link no Texto\" data-track-links=\"\">O caso \u00e9 investigado.<\/p>\n<p style=\"text-align: justify;\" data-track-category=\"Link no Texto\" data-track-links=\"\">Fonte: G1 e jornalcidadeaberta.com.br &#8211; Pedro Afonso<\/p>\n<\/div>\n<\/div>\n","protected":false},"excerpt":{"rendered":"<p>Um inqu\u00e9rito policial foi instaurado para investigar o furto de quase 30 armas de fogo de uma est\u00e2ncia, na \u00e1rea rural de\u00a0Osvaldo Cruz\u00a0(SP). A ocorr\u00eancia foi divulgada nesta segunda-feira (3). De acordo com o Boletim de Ocorr\u00eancia, na est\u00e2ncia, os policiais encontraram um funcion\u00e1rio, de 29 anos, que informou que ao chegar para trabalhar observou [&hellip;]<\/p>\n","protected":false},"author":1,"featured_media":58266,"comment_status":"closed","ping_status":"open","sticky":false,"template":"","format":"standard","meta":{"footnotes":""},"categories":[110,2],"tags":[],"class_list":["post-58265","post","type-post","status-publish","format-standard","has-post-thumbnail","hentry","category-noticiasdestaque","category-policial"],"_links":{"self":[{"href":"https:\/\/jorgezanoni.com.br\/2019\/wp-json\/wp\/v2\/posts\/58265","targetHints":{"allow":["GET"]}}],"collection":[{"href":"https:\/\/jorgezanoni.com.br\/2019\/wp-json\/wp\/v2\/posts"}],"about":[{"href":"https:\/\/jorgezanoni.com.br\/2019\/wp-json\/wp\/v2\/types\/post"}],"author":[{"embeddable":true,"href":"https:\/\/jorgezanoni.com.br\/2019\/wp-json\/wp\/v2\/users\/1"}],"replies":[{"embeddable":true,"href":"https:\/\/jorgezanoni.com.br\/2019\/wp-json\/wp\/v2\/comments?post=58265"}],"version-history":[{"count":0,"href":"https:\/\/jorgezanoni.com.br\/2019\/wp-json\/wp\/v2\/posts\/58265\/revisions"}],"wp:featuredmedia":[{"embeddable":true,"href":"https:\/\/jorgezanoni.com.br\/2019\/wp-json\/wp\/v2\/media\/58266"}],"wp:attachment":[{"href":"https:\/\/jorgezanoni.com.br\/2019\/wp-json\/wp\/v2\/media?parent=58265"}],"wp:term":[{"taxonomy":"category","embeddable":true,"href":"https:\/\/jorgezanoni.com.br\/2019\/wp-json\/wp\/v2\/categories?post=58265"},{"taxonomy":"post_tag","embeddable":true,"href":"https:\/\/jorgezanoni.com.br\/2019\/wp-json\/wp\/v2\/tags?post=58265"}],"curies":[{"name":"wp","href":"https:\/\/api.w.org\/{rel}","templated":true}]}}