{"id":58262,"date":"2022-01-03T18:29:18","date_gmt":"2022-01-03T18:29:18","guid":{"rendered":"https:\/\/jorgezanoni.com.br\/2019\/?p=58262"},"modified":"2022-01-04T00:23:30","modified_gmt":"2022-01-04T00:23:30","slug":"pecas-de-usina-se-soltam-de-carroceria-e-atingem-cabine-de-carreta","status":"publish","type":"post","link":"https:\/\/jorgezanoni.com.br\/2019\/pecas-de-usina-se-soltam-de-carroceria-e-atingem-cabine-de-carreta\/","title":{"rendered":"Pe\u00e7as de usina \u201cse soltam\u201d de carroceria e atingem cabine de carreta"},"content":{"rendered":"<p style=\"text-align: justify;\"><strong>O Corpo de Bombeiros atendeu na manh\u00e3 desta segunda-feira (3), um acidente de tr\u00e2nsito na Rodovia General Euclides de Oliveira Figueiredo (SP-563), no trecho pertencente a Dracena.<\/strong><\/p>\n<p style=\"text-align: justify;\">O acidente ocorreu por volta das 8h nas proximidades da \u201crotat\u00f3ria da Usina Dracena\u201d, sentido Presidente Venceslau.<\/p>\n<p style=\"text-align: justify;\">Segundo as informa\u00e7\u00f5es obtidas pela reportagem, uma carreta levava pe\u00e7as de usina que teriam se soltado da carroceria e atingido a cabine de uma outra carreta que vinha logo atr\u00e1s do pesado ve\u00edculo.<\/p>\n<p style=\"text-align: justify;\">A cabine atingida ficou bastante danificada e as pe\u00e7as se espalharam pela rodovia.<\/p>\n<p style=\"text-align: justify;\">At\u00e9 o fechamento desta mat\u00e9ria n\u00e3o havia informa\u00e7\u00f5es de v\u00edtimas nesta ocorr\u00eancia que tamb\u00e9m foi atendida pela Pol\u00edcia Rodovi\u00e1ria e Pol\u00edcia Militar.<\/p>\n<p><img loading=\"lazy\" decoding=\"async\" class=\"alignnone size-full wp-image-58279\" src=\"https:\/\/jorgezanoni.com.br\/2019\/wp-content\/uploads\/2022\/01\/Aduela.jpeg\" alt=\"\" width=\"984\" height=\"689\" srcset=\"https:\/\/jorgezanoni.com.br\/2019\/wp-content\/uploads\/2022\/01\/Aduela.jpeg 984w, https:\/\/jorgezanoni.com.br\/2019\/wp-content\/uploads\/2022\/01\/Aduela-300x210.jpeg 300w, https:\/\/jorgezanoni.com.br\/2019\/wp-content\/uploads\/2022\/01\/Aduela-768x538.jpeg 768w, https:\/\/jorgezanoni.com.br\/2019\/wp-content\/uploads\/2022\/01\/Aduela-100x70.jpeg 100w, https:\/\/jorgezanoni.com.br\/2019\/wp-content\/uploads\/2022\/01\/Aduela-696x487.jpeg 696w, https:\/\/jorgezanoni.com.br\/2019\/wp-content\/uploads\/2022\/01\/Aduela-600x420.jpeg 600w\" sizes=\"auto, (max-width: 984px) 100vw, 984px\" \/>Foto Cedida Corpo de Bombeiro<\/p>\n<p style=\"text-align: justify;\">Foto de capa Internauta<\/p>\n<p>Jorge Zanoni<\/p>\n","protected":false},"excerpt":{"rendered":"<p>O Corpo de Bombeiros atendeu na manh\u00e3 desta segunda-feira (3), um acidente de tr\u00e2nsito na Rodovia General Euclides de Oliveira Figueiredo (SP-563), no trecho pertencente a Dracena. O acidente ocorreu por volta das 8h nas proximidades da \u201crotat\u00f3ria da Usina Dracena\u201d, sentido Presidente Venceslau. Segundo as informa\u00e7\u00f5es obtidas pela reportagem, uma carreta levava pe\u00e7as de [&hellip;]<\/p>\n","protected":false},"author":1,"featured_media":58263,"comment_status":"closed","ping_status":"open","sticky":false,"template":"","format":"standard","meta":{"footnotes":""},"categories":[170,110],"tags":[],"class_list":["post-58262","post","type-post","status-publish","format-standard","has-post-thumbnail","hentry","category-acidentes","category-noticiasdestaque"],"_links":{"self":[{"href":"https:\/\/jorgezanoni.com.br\/2019\/wp-json\/wp\/v2\/posts\/58262","targetHints":{"allow":["GET"]}}],"collection":[{"href":"https:\/\/jorgezanoni.com.br\/2019\/wp-json\/wp\/v2\/posts"}],"about":[{"href":"https:\/\/jorgezanoni.com.br\/2019\/wp-json\/wp\/v2\/types\/post"}],"author":[{"embeddable":true,"href":"https:\/\/jorgezanoni.com.br\/2019\/wp-json\/wp\/v2\/users\/1"}],"replies":[{"embeddable":true,"href":"https:\/\/jorgezanoni.com.br\/2019\/wp-json\/wp\/v2\/comments?post=58262"}],"version-history":[{"count":0,"href":"https:\/\/jorgezanoni.com.br\/2019\/wp-json\/wp\/v2\/posts\/58262\/revisions"}],"wp:featuredmedia":[{"embeddable":true,"href":"https:\/\/jorgezanoni.com.br\/2019\/wp-json\/wp\/v2\/media\/58263"}],"wp:attachment":[{"href":"https:\/\/jorgezanoni.com.br\/2019\/wp-json\/wp\/v2\/media?parent=58262"}],"wp:term":[{"taxonomy":"category","embeddable":true,"href":"https:\/\/jorgezanoni.com.br\/2019\/wp-json\/wp\/v2\/categories?post=58262"},{"taxonomy":"post_tag","embeddable":true,"href":"https:\/\/jorgezanoni.com.br\/2019\/wp-json\/wp\/v2\/tags?post=58262"}],"curies":[{"name":"wp","href":"https:\/\/api.w.org\/{rel}","templated":true}]}}