{"id":5822,"date":"2019-09-10T21:52:39","date_gmt":"2019-09-10T21:52:39","guid":{"rendered":"https:\/\/jorgezanoni.com.br\/2019\/?p=5822"},"modified":"2019-09-10T21:52:39","modified_gmt":"2019-09-10T21:52:39","slug":"governador-joao-doria-reconduz-edson-kai-ao-conselho-estadual-de-educacao-para-mandato-de-dois-anos","status":"publish","type":"post","link":"https:\/\/jorgezanoni.com.br\/2019\/governador-joao-doria-reconduz-edson-kai-ao-conselho-estadual-de-educacao-para-mandato-de-dois-anos\/","title":{"rendered":"Governador Jo\u00e3o Doria reconduz Edson Kai ao Conselho Estadual de Educa\u00e7\u00e3o para mandato de dois anos"},"content":{"rendered":"<p style=\"text-align: justify;\"><strong><i>Ato foi publicado na \u00faltima sexta-feira (6) no Di\u00e1rio Oficial do Estado de S\u00e3o Paulo e a posse ocorrer\u00e1 no dia 18 de setembro.<\/i><\/strong><br \/>\n<strong><small>10\/09\/2019<\/small><\/strong><\/p>\n<p style=\"text-align: justify;\">Edson Kai, diretor executivo da Fundec, foi reconduzido para um mandato de dois anos do Conselho Estadual de Educa\u00e7\u00e3o (CEE\/SP) pelo Governador do Estado de S\u00e3o Paulo, Jo\u00e3o Doria.<\/p>\n<p style=\"text-align: justify;\">O diretor executivo da Fundec Edson Kai foi reconduzido como Conselheiro do Conselho Estadual de Educa\u00e7\u00e3o (CEE\/SP), por meio de nomea\u00e7\u00e3o feita pelo Governador do Estado de S\u00e3o Paulo Jo\u00e3o Doria Jr.<\/p>\n<p style=\"text-align: justify;\">A recondu\u00e7\u00e3o foi publicada na \u00faltima sexta-feira (6) no Di\u00e1rio Oficial do Estado de S\u00e3o Paulo. A posse ocorrer\u00e1 no dia 18 de setembro em S\u00e3o Paulo.<\/p>\n<p style=\"text-align: justify;\">Kai agradeceu ao Governador Jo\u00e3o Doria Jr. pela confian\u00e7a e recondu\u00e7\u00e3o do seu nome para um cargo de tanta responsabilidade. Agradeceu tamb\u00e9m ao Secret\u00e1rio Estadual de Educa\u00e7\u00e3o Rossieli Soares da Silva.<\/p>\n<p style=\"text-align: justify;\">\u00a0\u201cTenho como miss\u00e3o trabalhar pela Educa\u00e7\u00e3o. Irei conciliar o trabalho em S\u00e3o Paulo com todos os projetos que tenho aqui. \u00c9 com muita alegria que me recomponho com os demais amigos Conselheiros do Conselho Estadual de Educa\u00e7\u00e3o (CEE\/SP), respeit\u00e1vel institui\u00e7\u00e3o reconhecida em todo o Pa\u00eds\u201d, disse.<\/p>\n<p style=\"text-align: justify;\">Segundo o pr\u00f3prio CEE, o Conselho atua como \u201c\u00f3rg\u00e3o normativo, deliberativo e consultivo do sistema educacional p\u00fablico e privado paulista. \u00c9 quem estabelece regras para todas as escolas de todas as redes (estaduais, municipais e particulares) de educa\u00e7\u00e3o infantil, ensino fundamental, ensino m\u00e9dio e profissional, superior para as institui\u00e7\u00f5es municipais e estaduais, seja presencial ou a dist\u00e2ncia. Tamb\u00e9m cabe ao CEE orientar as institui\u00e7\u00f5es de ensino superior p\u00fablicas do Estado de S\u00e3o Paulo, bem como credenciar seus cursos&#8221;.<\/p>\n<p style=\"text-align: justify;\">Atualmente o Conselho Estadual de Educa\u00e7\u00e3o (CEE\/SP) \u00e9 presidido pelo professor Hubert Alqu\u00e9res e composto por pessoas altamente qualificadas e experientes na \u00e1rea educacional e reconhecidas em todo o Pa\u00eds, como ex-secret\u00e1rios de educa\u00e7\u00e3o de estado, profissionais de institui\u00e7\u00f5es educacionais p\u00fablicas e privadas, entre outros.<\/p>\n<p style=\"text-align: justify;\">Fonte: Assessoria de Comunica\u00e7\u00e3o da Fundec<\/p>\n","protected":false},"excerpt":{"rendered":"<p>Ato foi publicado na \u00faltima sexta-feira (6) no Di\u00e1rio Oficial do Estado de S\u00e3o Paulo e a posse ocorrer\u00e1 no dia 18 de setembro. 10\/09\/2019 Edson Kai, diretor executivo da Fundec, foi reconduzido para um mandato de dois anos do Conselho Estadual de Educa\u00e7\u00e3o (CEE\/SP) pelo Governador do Estado de S\u00e3o Paulo, Jo\u00e3o Doria. O [&hellip;]<\/p>\n","protected":false},"author":1,"featured_media":5823,"comment_status":"closed","ping_status":"open","sticky":false,"template":"","format":"standard","meta":{"footnotes":""},"categories":[110,122],"tags":[],"class_list":["post-5822","post","type-post","status-publish","format-standard","has-post-thumbnail","hentry","category-noticiasdestaque","category-saudeeducacaoeconcurso"],"_links":{"self":[{"href":"https:\/\/jorgezanoni.com.br\/2019\/wp-json\/wp\/v2\/posts\/5822","targetHints":{"allow":["GET"]}}],"collection":[{"href":"https:\/\/jorgezanoni.com.br\/2019\/wp-json\/wp\/v2\/posts"}],"about":[{"href":"https:\/\/jorgezanoni.com.br\/2019\/wp-json\/wp\/v2\/types\/post"}],"author":[{"embeddable":true,"href":"https:\/\/jorgezanoni.com.br\/2019\/wp-json\/wp\/v2\/users\/1"}],"replies":[{"embeddable":true,"href":"https:\/\/jorgezanoni.com.br\/2019\/wp-json\/wp\/v2\/comments?post=5822"}],"version-history":[{"count":0,"href":"https:\/\/jorgezanoni.com.br\/2019\/wp-json\/wp\/v2\/posts\/5822\/revisions"}],"wp:featuredmedia":[{"embeddable":true,"href":"https:\/\/jorgezanoni.com.br\/2019\/wp-json\/wp\/v2\/media\/5823"}],"wp:attachment":[{"href":"https:\/\/jorgezanoni.com.br\/2019\/wp-json\/wp\/v2\/media?parent=5822"}],"wp:term":[{"taxonomy":"category","embeddable":true,"href":"https:\/\/jorgezanoni.com.br\/2019\/wp-json\/wp\/v2\/categories?post=5822"},{"taxonomy":"post_tag","embeddable":true,"href":"https:\/\/jorgezanoni.com.br\/2019\/wp-json\/wp\/v2\/tags?post=5822"}],"curies":[{"name":"wp","href":"https:\/\/api.w.org\/{rel}","templated":true}]}}