{"id":58216,"date":"2022-01-02T01:52:03","date_gmt":"2022-01-02T01:52:03","guid":{"rendered":"https:\/\/jorgezanoni.com.br\/2019\/?p=58216"},"modified":"2022-01-02T01:52:03","modified_gmt":"2022-01-02T01:52:03","slug":"mulher-morre-apos-carro-cair-de-viaduto-e-atingir-defensa-metalica-na-rodovia-comandante-joao-ribeiro-de-barros","status":"publish","type":"post","link":"https:\/\/jorgezanoni.com.br\/2019\/mulher-morre-apos-carro-cair-de-viaduto-e-atingir-defensa-metalica-na-rodovia-comandante-joao-ribeiro-de-barros\/","title":{"rendered":"Mulher morre ap\u00f3s carro cair de viaduto e atingir defensa met\u00e1lica na Rodovia Comandante Jo\u00e3o Ribeiro de Barros"},"content":{"rendered":"<h2 class=\"content-head__subtitle\" style=\"text-align: justify;\"><strong>V\u00edtima, de 44 anos, transitava pela estrada vicinal Roberto Ant\u00f4nio Romanini e morreu no local. Acidente foi na tarde deste s\u00e1bado (1\u00ba), em Osvaldo Cruz (SP).<\/strong><\/h2>\n<div class=\"mc-column content-text active-extra-styles \" style=\"text-align: justify;\" data-block-type=\"unstyled\" data-block-weight=\"31\" data-block-id=\"2\">\n<p class=\"content-text__container \" data-track-category=\"Link no Texto\" data-track-links=\"\">Uma mulher, de 44 anos, morreu v\u00edtima de um acidente de tr\u00e2nsito na Rodovia Comandante Jo\u00e3o Ribeiro de Barros (SP-294), em\u00a0<a href=\"https:\/\/g1.globo.com\/sp\/presidente-prudente-regiao\/cidade\/osvaldo-cruz\/\">Osvaldo Cruz<\/a>\u00a0(SP), por volta das 14h12, deste s\u00e1bado (1\u00ba).<\/p>\n<\/div>\n<div class=\"wall protected-content\">\n<div class=\"mc-column content-text active-extra-styles \" style=\"text-align: justify;\" data-block-type=\"unstyled\" data-block-weight=\"21\" data-block-id=\"3\">\n<p class=\"content-text__container \" data-track-category=\"Link no Texto\" data-track-links=\"\">Conforme informa\u00e7\u00f5es da Pol\u00edcia Militar Rodovi\u00e1ria, a v\u00edtima seguia pela estrada vicinal Roberto Ant\u00f4nio Romanini que liga\u00a0<a href=\"https:\/\/g1.globo.com\/sp\/presidente-prudente-regiao\/cidade\/osvaldo-cruz\/\">Osvaldo Cruz<\/a>\u00a0a Salmour\u00e3o.<\/p>\n<\/div>\n<div class=\"row medium-uncollapsed content-media content-photo\" style=\"text-align: justify;\" data-block-type=\"backstage-photo\" data-block-id=\"4\">\n<div class=\"mc-column content-media__container\">\n<div class=\"content-media-container glb-skeleton-box\">\n<figure class=\"content-media-figure\"><img decoding=\"async\" class=\"i-amphtml-fill-content i-amphtml-replaced-content\" src=\"https:\/\/s2.glbimg.com\/JrmKR367OBJdxfASV54CKwdUTZ0=\/0x0:1280x850\/984x0\/smart\/filters:strip_icc()\/i.s3.glbimg.com\/v1\/AUTH_59edd422c0c84a879bd37670ae4f538a\/internal_photos\/bs\/2022\/f\/w\/WqTyVLQHyWem7BtIlIbA\/whatsapp-image-2022-01-01-at-16.05.59.jpeg\" sizes=\"(max-width: 1366px) 648px, 100vw\" srcset=\"https:\/\/s2.glbimg.com\/wAEckHMlx3ES6E0mA-zEsLxS4Xo=\/0x0:1280x850\/1000x0\/smart\/filters:strip_icc()\/i.s3.glbimg.com\/v1\/AUTH_59edd422c0c84a879bd37670ae4f538a\/internal_photos\/bs\/2022\/f\/w\/WqTyVLQHyWem7BtIlIbA\/whatsapp-image-2022-01-01-at-16.05.59.jpeg 1000w, https:\/\/s2.glbimg.com\/JrmKR367OBJdxfASV54CKwdUTZ0=\/0x0:1280x850\/984x0\/smart\/filters:strip_icc()\/i.s3.glbimg.com\/v1\/AUTH_59edd422c0c84a879bd37670ae4f538a\/internal_photos\/bs\/2022\/f\/w\/WqTyVLQHyWem7BtIlIbA\/whatsapp-image-2022-01-01-at-16.05.59.jpeg 984w, https:\/\/s2.glbimg.com\/XO3ml6OTjfH23RfUJySOqYBEV5k=\/0x0:1280x850\/640x0\/smart\/filters:strip_icc()\/i.s3.glbimg.com\/v1\/AUTH_59edd422c0c84a879bd37670ae4f538a\/internal_photos\/bs\/2022\/f\/w\/WqTyVLQHyWem7BtIlIbA\/whatsapp-image-2022-01-01-at-16.05.59.jpeg 640w, https:\/\/s2.glbimg.com\/ECaR8YkwCYWs6N3Z-5aYjN2sS1c=\/0x0:1280x850\/600x0\/smart\/filters:strip_icc()\/i.s3.glbimg.com\/v1\/AUTH_59edd422c0c84a879bd37670ae4f538a\/internal_photos\/bs\/2022\/f\/w\/WqTyVLQHyWem7BtIlIbA\/whatsapp-image-2022-01-01-at-16.05.59.jpeg 600w\" alt=\"Carro caiu na Rodovia Comandante Jo\u00e3o Ribeiro de Barros (SP-294), em Osvaldo Cruz (SP) \u2014 Foto: Cristiano Nascimento\/Jornal Cidade Aberta\" \/><\/figure>\n<\/div>\n<p class=\"content-media__description \">Carro caiu na Rodovia Comandante Jo\u00e3o Ribeiro de Barros (SP-294), em Osvaldo Cruz (SP) \u2014 Foto: Cristiano Nascimento\/Jornal Cidade Aberta<\/p>\n<\/div>\n<\/div>\n<div class=\"tag-manager-publicidade-container mc-has-reveal mc-has-ad-lazyload tag-manager-publicidade-banner_materia2 tag-manager-publicidade-container--carregado tag-manager-publicidade-container--visivel\" data-id=\"banner_materia2\" data-req=\"true\" data-google-query-id=\"CKSTjar5kfUCFZoPuQYdjrEOpQ\" data-cid=\"138376026574\" data-lid=\"5842740923\">\n<div class=\"mc-column content-text active-extra-styles \" style=\"text-align: justify;\" data-block-type=\"unstyled\" data-block-weight=\"39\" data-block-id=\"6\">\n<p class=\"content-text__container \" data-track-category=\"Link no Texto\" data-track-links=\"\">Ainda segundo a corpora\u00e7\u00e3o, no viaduto, no cruzamento da estrada vicinal com a Rodovia Comandante Jo\u00e3o Ribeiro de Barros (SP-294), por motivos a serem esclarecidos, o ve\u00edculo saiu da pista e caiu em cima da defensa met\u00e1lica da SP-294.<\/p>\n<\/div>\n<div class=\"mc-column content-text active-extra-styles \" style=\"text-align: justify;\" data-block-type=\"unstyled\" data-block-weight=\"20\" data-block-id=\"7\">\n<p class=\"content-text__container \" data-track-category=\"Link no Texto\" data-track-links=\"\">O Corpo de Bombeiros foi acionado e informou que a v\u00edtima ficou presa nas ferragens. A mulher morreu no local.<\/p>\n<\/div>\n<div class=\"mc-column content-text active-extra-styles \" style=\"text-align: justify;\" data-block-type=\"unstyled\" data-block-weight=\"8\" data-block-id=\"8\">\n<p class=\"content-text__container \" data-track-category=\"Link no Texto\" data-track-links=\"\">A per\u00edcia vai apontar as causas do acidente.<\/p>\n<\/div>\n<div class=\"row medium-uncollapsed content-media content-photo\" style=\"text-align: justify;\" data-block-type=\"backstage-photo\" data-block-id=\"9\">\n<div class=\"mc-column content-media__container\">\n<div class=\"content-media-container glb-skeleton-box\">\n<figure class=\"content-media-figure\"><img decoding=\"async\" class=\"i-amphtml-fill-content i-amphtml-replaced-content\" src=\"https:\/\/s2.glbimg.com\/wWmlQQgGfw21fjxqWyFTWjXmzuA=\/0x0:1280x720\/984x0\/smart\/filters:strip_icc()\/i.s3.glbimg.com\/v1\/AUTH_59edd422c0c84a879bd37670ae4f538a\/internal_photos\/bs\/2022\/X\/i\/Gq5XaSQOmMpf2HU9BFXw\/whatsapp-image-2022-01-01-at-16.36.48-1-.jpeg\" sizes=\"(max-width: 1366px) 648px, 100vw\" srcset=\"https:\/\/s2.glbimg.com\/v-oxFDQxPZwmdcXWgtCF2YOnB0k=\/0x0:1280x720\/1000x0\/smart\/filters:strip_icc()\/i.s3.glbimg.com\/v1\/AUTH_59edd422c0c84a879bd37670ae4f538a\/internal_photos\/bs\/2022\/X\/i\/Gq5XaSQOmMpf2HU9BFXw\/whatsapp-image-2022-01-01-at-16.36.48-1-.jpeg 1000w, https:\/\/s2.glbimg.com\/wWmlQQgGfw21fjxqWyFTWjXmzuA=\/0x0:1280x720\/984x0\/smart\/filters:strip_icc()\/i.s3.glbimg.com\/v1\/AUTH_59edd422c0c84a879bd37670ae4f538a\/internal_photos\/bs\/2022\/X\/i\/Gq5XaSQOmMpf2HU9BFXw\/whatsapp-image-2022-01-01-at-16.36.48-1-.jpeg 984w, https:\/\/s2.glbimg.com\/jWNe7A4AbGRGlQLRViK7rgbqScE=\/0x0:1280x720\/640x0\/smart\/filters:strip_icc()\/i.s3.glbimg.com\/v1\/AUTH_59edd422c0c84a879bd37670ae4f538a\/internal_photos\/bs\/2022\/X\/i\/Gq5XaSQOmMpf2HU9BFXw\/whatsapp-image-2022-01-01-at-16.36.48-1-.jpeg 640w, https:\/\/s2.glbimg.com\/0yaHW0E1OHnzzW2WrFt83k_Aa3A=\/0x0:1280x720\/600x0\/smart\/filters:strip_icc()\/i.s3.glbimg.com\/v1\/AUTH_59edd422c0c84a879bd37670ae4f538a\/internal_photos\/bs\/2022\/X\/i\/Gq5XaSQOmMpf2HU9BFXw\/whatsapp-image-2022-01-01-at-16.36.48-1-.jpeg 600w\" alt=\"Carro caiu na Rodovia Comandante Jo\u00e3o Ribeiro de Barros (SP-294), em Osvaldo Cruz (SP) \u2014 Foto: Pol\u00edcia Rodovi\u00e1ria\" \/><\/figure>\n<\/div>\n<p class=\"content-media__description \">Carro caiu na Rodovia Comandante Jo\u00e3o Ribeiro de Barros (SP-294), em Osvaldo Cruz (SP) \u2014 Foto: Pol\u00edcia Rodovi\u00e1ria<\/p>\n<\/div>\n<\/div>\n<div class=\"row medium-uncollapsed content-media content-photo\" style=\"text-align: justify;\" data-block-type=\"backstage-photo\" data-block-id=\"10\">\n<div class=\"mc-column content-media__container\">\n<div class=\"content-media-container glb-skeleton-box\">\n<figure class=\"content-media-figure\"><img decoding=\"async\" class=\"i-amphtml-fill-content i-amphtml-replaced-content\" src=\"https:\/\/s2.glbimg.com\/G984XgnqYxLKnjZZ6V-hprI0AJY=\/0x0:1280x720\/984x0\/smart\/filters:strip_icc()\/i.s3.glbimg.com\/v1\/AUTH_59edd422c0c84a879bd37670ae4f538a\/internal_photos\/bs\/2022\/A\/M\/7V6W7JRuK3BhPS1mjqcw\/whatsapp-image-2022-01-01-at-16.36.47.jpeg\" sizes=\"(max-width: 1366px) 648px, 100vw\" srcset=\"https:\/\/s2.glbimg.com\/jL9m15kww_uIdrq7YOxL3bj9Dho=\/0x0:1280x720\/1000x0\/smart\/filters:strip_icc()\/i.s3.glbimg.com\/v1\/AUTH_59edd422c0c84a879bd37670ae4f538a\/internal_photos\/bs\/2022\/A\/M\/7V6W7JRuK3BhPS1mjqcw\/whatsapp-image-2022-01-01-at-16.36.47.jpeg 1000w, https:\/\/s2.glbimg.com\/G984XgnqYxLKnjZZ6V-hprI0AJY=\/0x0:1280x720\/984x0\/smart\/filters:strip_icc()\/i.s3.glbimg.com\/v1\/AUTH_59edd422c0c84a879bd37670ae4f538a\/internal_photos\/bs\/2022\/A\/M\/7V6W7JRuK3BhPS1mjqcw\/whatsapp-image-2022-01-01-at-16.36.47.jpeg 984w, https:\/\/s2.glbimg.com\/Lb874vrosXyko8MohrnuJ0yoGic=\/0x0:1280x720\/640x0\/smart\/filters:strip_icc()\/i.s3.glbimg.com\/v1\/AUTH_59edd422c0c84a879bd37670ae4f538a\/internal_photos\/bs\/2022\/A\/M\/7V6W7JRuK3BhPS1mjqcw\/whatsapp-image-2022-01-01-at-16.36.47.jpeg 640w, https:\/\/s2.glbimg.com\/iSVVaPvLelp3ki_KolG4O6POSGI=\/0x0:1280x720\/600x0\/smart\/filters:strip_icc()\/i.s3.glbimg.com\/v1\/AUTH_59edd422c0c84a879bd37670ae4f538a\/internal_photos\/bs\/2022\/A\/M\/7V6W7JRuK3BhPS1mjqcw\/whatsapp-image-2022-01-01-at-16.36.47.jpeg 600w\" alt=\"Carro caiu na Rodovia Comandante Jo\u00e3o Ribeiro de Barros (SP-294), em Osvaldo Cruz (SP) \u2014 Foto: Pol\u00edcia Rodovi\u00e1ria\" \/><\/figure>\n<\/div>\n<p class=\"content-media__description \">Carro caiu na Rodovia Comandante Jo\u00e3o Ribeiro de Barros (SP-294), em Osvaldo Cruz (SP) \u2014 Foto: Pol\u00edcia Rodovi\u00e1ria<\/p>\n<\/div>\n<\/div>\n<div class=\"content-ads content-ads--reveal\" style=\"text-align: justify;\" data-block-type=\"ads\" data-block-id=\"11\">\n<div id=\"banner_materia__14d817d6-1e91-4975-bcd3-785a7bd17185\" class=\"tag-manager-publicidade-container mc-has-reveal mc-has-ad-lazyload tag-manager-publicidade-banner_materia__14d817d6-1e91-4975-bcd3-785a7bd17185 tag-manager-publicidade-container--carregado tag-manager-publicidade-container--visivel\" data-id=\"banner_materia__14d817d6-1e91-4975-bcd3-785a7bd17185\" data-req=\"true\" data-google-query-id=\"CIT8-b75kfUCFf8vuQYdfKwMWQ\" data-cid=\"138375231402\" data-lid=\"5851026431\">\n<div id=\"google_ads_iframe_\/95377733\/tvg_G1\/Sua_Regiao&gt;Sudeste&gt;Sao_Paulo_(Pres_Prudente)_4__container__\" style=\"box-sizing: inherit; margin: auto; padding: 0px; border: 0pt none; font: inherit; vertical-align: initial; max-width: 100%; text-align: center; width: 970px; height: 250px;\"><img decoding=\"async\" class=\"i-amphtml-fill-content i-amphtml-replaced-content\" src=\"https:\/\/s2.glbimg.com\/NCSuqAE-ebJTDFnYp7v7tz-7qjg=\/0x0:1280x850\/984x0\/smart\/filters:strip_icc()\/i.s3.glbimg.com\/v1\/AUTH_59edd422c0c84a879bd37670ae4f538a\/internal_photos\/bs\/2022\/t\/y\/CYShzdQhafV2MiIzyj1Q\/whatsapp-image-2022-01-01-at-16.06.00-1-.jpeg\" sizes=\"(max-width: 1366px) 648px, 100vw\" srcset=\"https:\/\/s2.glbimg.com\/jqNGSDysCY9NEDgFC7x9KLgZH9g=\/0x0:1280x850\/1000x0\/smart\/filters:strip_icc()\/i.s3.glbimg.com\/v1\/AUTH_59edd422c0c84a879bd37670ae4f538a\/internal_photos\/bs\/2022\/t\/y\/CYShzdQhafV2MiIzyj1Q\/whatsapp-image-2022-01-01-at-16.06.00-1-.jpeg 1000w, https:\/\/s2.glbimg.com\/NCSuqAE-ebJTDFnYp7v7tz-7qjg=\/0x0:1280x850\/984x0\/smart\/filters:strip_icc()\/i.s3.glbimg.com\/v1\/AUTH_59edd422c0c84a879bd37670ae4f538a\/internal_photos\/bs\/2022\/t\/y\/CYShzdQhafV2MiIzyj1Q\/whatsapp-image-2022-01-01-at-16.06.00-1-.jpeg 984w, https:\/\/s2.glbimg.com\/UEJ9CVSzqA0j4uA77Ki-fy-n260=\/0x0:1280x850\/640x0\/smart\/filters:strip_icc()\/i.s3.glbimg.com\/v1\/AUTH_59edd422c0c84a879bd37670ae4f538a\/internal_photos\/bs\/2022\/t\/y\/CYShzdQhafV2MiIzyj1Q\/whatsapp-image-2022-01-01-at-16.06.00-1-.jpeg 640w, https:\/\/s2.glbimg.com\/HfJoGGycFlaAvyunTbsb6mZhfzg=\/0x0:1280x850\/600x0\/smart\/filters:strip_icc()\/i.s3.glbimg.com\/v1\/AUTH_59edd422c0c84a879bd37670ae4f538a\/internal_photos\/bs\/2022\/t\/y\/CYShzdQhafV2MiIzyj1Q\/whatsapp-image-2022-01-01-at-16.06.00-1-.jpeg 600w\" alt=\"Carro caiu na Rodovia Comandante Jo\u00e3o Ribeiro de Barros (SP-294), em Osvaldo Cruz (SP) \u2014 Foto: Cristiano Nascimento\/Jornal Cidade Aberta\" \/><\/div>\n<\/div>\n<\/div>\n<div><\/div>\n<div class=\"row medium-uncollapsed content-media content-photo\" style=\"text-align: justify;\" data-block-type=\"backstage-photo\" data-block-id=\"12\">\n<div class=\"mc-column content-media__container\">\n<p class=\"content-media__description \">\n<\/div>\n<\/div>\n<\/div>\n<\/div>\n<p>&nbsp;<\/p>\n<figure><\/figure>\n<p>&nbsp;<\/p>\n<p>C<span style=\"text-align: justify;\">arro caiu na Rodovia Comandante Jo\u00e3o Ribeiro de Barros (SP-294), em Osvaldo Cruz (SP) \u2014 Foto: Cristiano Nascimento\/Jornal Cidade Aberta<\/span><\/p>\n<div class=\"wall protected-content\">\n<div class=\"tag-manager-publicidade-container mc-has-reveal mc-has-ad-lazyload tag-manager-publicidade-banner_materia2 tag-manager-publicidade-container--carregado tag-manager-publicidade-container--visivel\" data-id=\"banner_materia2\" data-req=\"true\" data-google-query-id=\"CKSTjar5kfUCFZoPuQYdjrEOpQ\" data-cid=\"138376026574\" data-lid=\"5842740923\">\n<div class=\"row medium-uncollapsed content-media content-photo\" data-block-type=\"backstage-photo\" data-block-id=\"13\">\n<div class=\"mc-column content-media__container\">\n<div class=\"content-media-container glb-skeleton-box\" style=\"text-align: justify;\">\n<figure class=\"content-media-figure\"><img decoding=\"async\" class=\"i-amphtml-fill-content i-amphtml-replaced-content\" src=\"https:\/\/s2.glbimg.com\/TBgPAEVP4dcwXFSQNzKS3Ct9n68=\/0x0:1280x850\/984x0\/smart\/filters:strip_icc()\/i.s3.glbimg.com\/v1\/AUTH_59edd422c0c84a879bd37670ae4f538a\/internal_photos\/bs\/2022\/w\/j\/w95VZzTmuaIfNVPnl7hw\/whatsapp-image-2022-01-01-at-16.05.59-3-.jpeg\" sizes=\"(max-width: 1366px) 648px, 100vw\" srcset=\"https:\/\/s2.glbimg.com\/EfjivK2bs7EciAc3ocN3GCBBRqc=\/0x0:1280x850\/1000x0\/smart\/filters:strip_icc()\/i.s3.glbimg.com\/v1\/AUTH_59edd422c0c84a879bd37670ae4f538a\/internal_photos\/bs\/2022\/w\/j\/w95VZzTmuaIfNVPnl7hw\/whatsapp-image-2022-01-01-at-16.05.59-3-.jpeg 1000w, https:\/\/s2.glbimg.com\/TBgPAEVP4dcwXFSQNzKS3Ct9n68=\/0x0:1280x850\/984x0\/smart\/filters:strip_icc()\/i.s3.glbimg.com\/v1\/AUTH_59edd422c0c84a879bd37670ae4f538a\/internal_photos\/bs\/2022\/w\/j\/w95VZzTmuaIfNVPnl7hw\/whatsapp-image-2022-01-01-at-16.05.59-3-.jpeg 984w, https:\/\/s2.glbimg.com\/g5D_dbUTaZ1u9Yd3zNTBSA7PFdM=\/0x0:1280x850\/640x0\/smart\/filters:strip_icc()\/i.s3.glbimg.com\/v1\/AUTH_59edd422c0c84a879bd37670ae4f538a\/internal_photos\/bs\/2022\/w\/j\/w95VZzTmuaIfNVPnl7hw\/whatsapp-image-2022-01-01-at-16.05.59-3-.jpeg 640w, https:\/\/s2.glbimg.com\/Z3wtJoG3y0seQcDZt4vt8UOu4ng=\/0x0:1280x850\/600x0\/smart\/filters:strip_icc()\/i.s3.glbimg.com\/v1\/AUTH_59edd422c0c84a879bd37670ae4f538a\/internal_photos\/bs\/2022\/w\/j\/w95VZzTmuaIfNVPnl7hw\/whatsapp-image-2022-01-01-at-16.05.59-3-.jpeg 600w\" alt=\"Carro caiu na Rodovia Comandante Jo\u00e3o Ribeiro de Barros (SP-294), em Osvaldo Cruz (SP) \u2014 Foto: Cristiano Nascimento\/Jornal Cidade Aberta\" \/><\/figure>\n<\/div>\n<p class=\"content-media__description \" style=\"text-align: justify;\">Carro caiu na Rodovia Comandante Jo\u00e3o Ribeiro de Barros (SP-294), em Osvaldo Cruz (SP) \u2014 Foto: Cristiano Nascimento\/Jornal Cidade Aberta<\/p>\n<p style=\"text-align: justify;\">Fonte: G1<\/p>\n<\/div>\n<\/div>\n<\/div>\n<\/div>\n","protected":false},"excerpt":{"rendered":"<p>V\u00edtima, de 44 anos, transitava pela estrada vicinal Roberto Ant\u00f4nio Romanini e morreu no local. Acidente foi na tarde deste s\u00e1bado (1\u00ba), em Osvaldo Cruz (SP). Uma mulher, de 44 anos, morreu v\u00edtima de um acidente de tr\u00e2nsito na Rodovia Comandante Jo\u00e3o Ribeiro de Barros (SP-294), em\u00a0Osvaldo Cruz\u00a0(SP), por volta das 14h12, deste s\u00e1bado (1\u00ba). [&hellip;]<\/p>\n","protected":false},"author":1,"featured_media":58217,"comment_status":"closed","ping_status":"open","sticky":false,"template":"","format":"standard","meta":{"footnotes":""},"categories":[170,110],"tags":[],"class_list":["post-58216","post","type-post","status-publish","format-standard","has-post-thumbnail","hentry","category-acidentes","category-noticiasdestaque"],"_links":{"self":[{"href":"https:\/\/jorgezanoni.com.br\/2019\/wp-json\/wp\/v2\/posts\/58216","targetHints":{"allow":["GET"]}}],"collection":[{"href":"https:\/\/jorgezanoni.com.br\/2019\/wp-json\/wp\/v2\/posts"}],"about":[{"href":"https:\/\/jorgezanoni.com.br\/2019\/wp-json\/wp\/v2\/types\/post"}],"author":[{"embeddable":true,"href":"https:\/\/jorgezanoni.com.br\/2019\/wp-json\/wp\/v2\/users\/1"}],"replies":[{"embeddable":true,"href":"https:\/\/jorgezanoni.com.br\/2019\/wp-json\/wp\/v2\/comments?post=58216"}],"version-history":[{"count":0,"href":"https:\/\/jorgezanoni.com.br\/2019\/wp-json\/wp\/v2\/posts\/58216\/revisions"}],"wp:featuredmedia":[{"embeddable":true,"href":"https:\/\/jorgezanoni.com.br\/2019\/wp-json\/wp\/v2\/media\/58217"}],"wp:attachment":[{"href":"https:\/\/jorgezanoni.com.br\/2019\/wp-json\/wp\/v2\/media?parent=58216"}],"wp:term":[{"taxonomy":"category","embeddable":true,"href":"https:\/\/jorgezanoni.com.br\/2019\/wp-json\/wp\/v2\/categories?post=58216"},{"taxonomy":"post_tag","embeddable":true,"href":"https:\/\/jorgezanoni.com.br\/2019\/wp-json\/wp\/v2\/tags?post=58216"}],"curies":[{"name":"wp","href":"https:\/\/api.w.org\/{rel}","templated":true}]}}