{"id":58193,"date":"2021-12-31T21:30:16","date_gmt":"2021-12-31T21:30:16","guid":{"rendered":"https:\/\/jorgezanoni.com.br\/2019\/?p=58193"},"modified":"2021-12-31T21:32:24","modified_gmt":"2021-12-31T21:32:24","slug":"familia-e-fim-de-ano-por-cidinha-pascoaloto","status":"publish","type":"post","link":"https:\/\/jorgezanoni.com.br\/2019\/familia-e-fim-de-ano-por-cidinha-pascoaloto\/","title":{"rendered":"Fam\u00edlia e fim de ano  (por Cidinha Pascoaloto)"},"content":{"rendered":"<p style=\"text-align: justify;\">A fam\u00edlia \u00e9 um grupo de todos os parentes de uma pessoa que vivem juntos principalmente dos que moram com ela e compartilham experi\u00eancias. \u00c9 um conjunto de pessoas que est\u00e3o presentes em todos os momentos desde a inf\u00e2ncia at\u00e9 a fase adulta.\u00a0 A presen\u00e7a da fam\u00edlia \u00e9 fundamental principalmente no in\u00edcio da vida. A base familiar \u00e9 fundamental e \u00e9 nela que aprendemos valores morais \u00e9ticos e o equil\u00edbrio emocional.<\/p>\n<p style=\"text-align: justify;\">Com a pandemia veio o isolamento social e muitas das nossas atitudes se modificaram. Desenvolvemos habilidades que n\u00e3o sab\u00edamos ter, passamos a dar mais import\u00e2ncia para a fam\u00edlia e seus valores. Muitos pais n\u00e3o conheciam os costumes dos seus filhos ou dos c\u00f4njuges. Podemos dizer que houve o resgate do conv\u00edvio familiar, com um maior contato e interesse entre os membros. Com a pandemia as pessoas se encontraram por mais tempo no ambiente familiar.<\/p>\n<p style=\"text-align: justify;\">O ano de 2021 est\u00e1 terminando per\u00edodo de encontros e confraterniza\u00e7\u00f5es.\u00a0 Com a chegada do ano novo nossos pensamentos se voltam para o passado e com ele vem as lembran\u00e7as. Lembran\u00e7as das emo\u00e7\u00f5es vividas como o medo de morrer e medo de matar, saudades de estar junto as pessoas queridas, alegrias, solid\u00e3o, gratid\u00e3o, frustra\u00e7\u00f5es, realiza\u00e7\u00f5es, ansiedade e tantas outras. Pensamentos que marcar\u00e3o \u00e9pocas como perdas de pessoas queridas e momentos que passaram despercebidos por causa da nossa rotina.\u00a0 Tudo isso vem regado de festas que celebram um novo ciclo!<\/p>\n<p style=\"text-align: justify;\">Vamos desfrutar desse fim de ano com energias positivas, com pensamentos otimistas em busca da continuidade da vida durante o ano 2022.<\/p>\n<p style=\"text-align: justify;\"><img loading=\"lazy\" decoding=\"async\" class=\"alignnone size-full wp-image-58200\" src=\"https:\/\/jorgezanoni.com.br\/2019\/wp-content\/uploads\/2021\/12\/Cidinha-Pascoaloto-5.jpg\" alt=\"\" width=\"847\" height=\"1280\" srcset=\"https:\/\/jorgezanoni.com.br\/2019\/wp-content\/uploads\/2021\/12\/Cidinha-Pascoaloto-5.jpg 847w, https:\/\/jorgezanoni.com.br\/2019\/wp-content\/uploads\/2021\/12\/Cidinha-Pascoaloto-5-199x300.jpg 199w, https:\/\/jorgezanoni.com.br\/2019\/wp-content\/uploads\/2021\/12\/Cidinha-Pascoaloto-5-678x1024.jpg 678w, https:\/\/jorgezanoni.com.br\/2019\/wp-content\/uploads\/2021\/12\/Cidinha-Pascoaloto-5-768x1161.jpg 768w, https:\/\/jorgezanoni.com.br\/2019\/wp-content\/uploads\/2021\/12\/Cidinha-Pascoaloto-5-696x1052.jpg 696w, https:\/\/jorgezanoni.com.br\/2019\/wp-content\/uploads\/2021\/12\/Cidinha-Pascoaloto-5-278x420.jpg 278w\" sizes=\"auto, (max-width: 847px) 100vw, 847px\" \/>Cidinha Pascoaloto-Psic\u00f3loga-CRP 06\/158174. Terapia Cognitivo Comportamental (TCC) com foco no Luto, Depress\u00e3o e Ansiedade Atendimento presencial e on-line, contato: (18) 99725-6418<\/p>\n<p>&nbsp;<\/p>\n<p>&nbsp;<\/p>\n<p>&nbsp;<\/p>\n<p>&nbsp;<\/p>\n","protected":false},"excerpt":{"rendered":"<p>A fam\u00edlia \u00e9 um grupo de todos os parentes de uma pessoa que vivem juntos principalmente dos que moram com ela e compartilham experi\u00eancias. \u00c9 um conjunto de pessoas que est\u00e3o presentes em todos os momentos desde a inf\u00e2ncia at\u00e9 a fase adulta.\u00a0 A presen\u00e7a da fam\u00edlia \u00e9 fundamental principalmente no in\u00edcio da vida. A [&hellip;]<\/p>\n","protected":false},"author":1,"featured_media":58197,"comment_status":"closed","ping_status":"open","sticky":false,"template":"","format":"standard","meta":{"footnotes":""},"categories":[175],"tags":[],"class_list":["post-58193","post","type-post","status-publish","format-standard","has-post-thumbnail","hentry","category-artigos"],"_links":{"self":[{"href":"https:\/\/jorgezanoni.com.br\/2019\/wp-json\/wp\/v2\/posts\/58193","targetHints":{"allow":["GET"]}}],"collection":[{"href":"https:\/\/jorgezanoni.com.br\/2019\/wp-json\/wp\/v2\/posts"}],"about":[{"href":"https:\/\/jorgezanoni.com.br\/2019\/wp-json\/wp\/v2\/types\/post"}],"author":[{"embeddable":true,"href":"https:\/\/jorgezanoni.com.br\/2019\/wp-json\/wp\/v2\/users\/1"}],"replies":[{"embeddable":true,"href":"https:\/\/jorgezanoni.com.br\/2019\/wp-json\/wp\/v2\/comments?post=58193"}],"version-history":[{"count":0,"href":"https:\/\/jorgezanoni.com.br\/2019\/wp-json\/wp\/v2\/posts\/58193\/revisions"}],"wp:featuredmedia":[{"embeddable":true,"href":"https:\/\/jorgezanoni.com.br\/2019\/wp-json\/wp\/v2\/media\/58197"}],"wp:attachment":[{"href":"https:\/\/jorgezanoni.com.br\/2019\/wp-json\/wp\/v2\/media?parent=58193"}],"wp:term":[{"taxonomy":"category","embeddable":true,"href":"https:\/\/jorgezanoni.com.br\/2019\/wp-json\/wp\/v2\/categories?post=58193"},{"taxonomy":"post_tag","embeddable":true,"href":"https:\/\/jorgezanoni.com.br\/2019\/wp-json\/wp\/v2\/tags?post=58193"}],"curies":[{"name":"wp","href":"https:\/\/api.w.org\/{rel}","templated":true}]}}