{"id":58142,"date":"2021-12-28T23:41:39","date_gmt":"2021-12-28T23:41:39","guid":{"rendered":"https:\/\/jorgezanoni.com.br\/2019\/?p=58142"},"modified":"2021-12-28T23:41:39","modified_gmt":"2021-12-28T23:41:39","slug":"emdaep-alerta-a-populacao-para-economizar-agua","status":"publish","type":"post","link":"https:\/\/jorgezanoni.com.br\/2019\/emdaep-alerta-a-populacao-para-economizar-agua\/","title":{"rendered":"EMDAEP alerta a popula\u00e7\u00e3o para economizar \u00e1gua"},"content":{"rendered":"<p style=\"text-align: justify;\">O sistema de monitoramento dos po\u00e7os e reservat\u00f3rios da EMDAEP alertou para situa\u00e7\u00e3o cr\u00edtica na segunda-feira (dia 27). A caixa d\u2019\u00e1gua elevada, localizada na Rua Euclides da Cunha, no centro, estava com 10% de sua capacidade. O reservat\u00f3rio submerso ficou com 28%.<\/p>\n<p style=\"text-align: justify;\">Em fun\u00e7\u00e3o do alto consumo por causa do calor e do aumento de visitantes nas festas de final de ano, a dire\u00e7\u00e3o da EMDAEP alerta a popula\u00e7\u00e3o para economizar \u00e1gua, evitando desperd\u00edcios. Neste per\u00edodo n\u00e3o se deve lavar cal\u00e7adas, quintais e ve\u00edculos. Um carro de som deve percorrer o centro e os bairros pedindo a colabora\u00e7\u00e3o de todos.<\/p>\n<p style=\"text-align: justify;\">Ass. Rela\u00e7\u00f5es P\u00fablicas da EMDAEP<\/p>\n","protected":false},"excerpt":{"rendered":"<p>O sistema de monitoramento dos po\u00e7os e reservat\u00f3rios da EMDAEP alertou para situa\u00e7\u00e3o cr\u00edtica na segunda-feira (dia 27). A caixa d\u2019\u00e1gua elevada, localizada na Rua Euclides da Cunha, no centro, estava com 10% de sua capacidade. O reservat\u00f3rio submerso ficou com 28%. Em fun\u00e7\u00e3o do alto consumo por causa do calor e do aumento de [&hellip;]<\/p>\n","protected":false},"author":1,"featured_media":58143,"comment_status":"closed","ping_status":"open","sticky":false,"template":"","format":"standard","meta":{"footnotes":""},"categories":[179,184,110],"tags":[],"class_list":["post-58142","post","type-post","status-publish","format-standard","has-post-thumbnail","hentry","category-cidadeseregiao","category-dracena","category-noticiasdestaque"],"_links":{"self":[{"href":"https:\/\/jorgezanoni.com.br\/2019\/wp-json\/wp\/v2\/posts\/58142","targetHints":{"allow":["GET"]}}],"collection":[{"href":"https:\/\/jorgezanoni.com.br\/2019\/wp-json\/wp\/v2\/posts"}],"about":[{"href":"https:\/\/jorgezanoni.com.br\/2019\/wp-json\/wp\/v2\/types\/post"}],"author":[{"embeddable":true,"href":"https:\/\/jorgezanoni.com.br\/2019\/wp-json\/wp\/v2\/users\/1"}],"replies":[{"embeddable":true,"href":"https:\/\/jorgezanoni.com.br\/2019\/wp-json\/wp\/v2\/comments?post=58142"}],"version-history":[{"count":0,"href":"https:\/\/jorgezanoni.com.br\/2019\/wp-json\/wp\/v2\/posts\/58142\/revisions"}],"wp:featuredmedia":[{"embeddable":true,"href":"https:\/\/jorgezanoni.com.br\/2019\/wp-json\/wp\/v2\/media\/58143"}],"wp:attachment":[{"href":"https:\/\/jorgezanoni.com.br\/2019\/wp-json\/wp\/v2\/media?parent=58142"}],"wp:term":[{"taxonomy":"category","embeddable":true,"href":"https:\/\/jorgezanoni.com.br\/2019\/wp-json\/wp\/v2\/categories?post=58142"},{"taxonomy":"post_tag","embeddable":true,"href":"https:\/\/jorgezanoni.com.br\/2019\/wp-json\/wp\/v2\/tags?post=58142"}],"curies":[{"name":"wp","href":"https:\/\/api.w.org\/{rel}","templated":true}]}}