{"id":58139,"date":"2021-12-28T23:32:07","date_gmt":"2021-12-28T23:32:07","guid":{"rendered":"https:\/\/jorgezanoni.com.br\/2019\/?p=58139"},"modified":"2021-12-28T23:32:07","modified_gmt":"2021-12-28T23:32:07","slug":"feliz-ano-bom-em-ourinhos","status":"publish","type":"post","link":"https:\/\/jorgezanoni.com.br\/2019\/feliz-ano-bom-em-ourinhos\/","title":{"rendered":"Feliz Ano Bom em Ourinhos&#8230;"},"content":{"rendered":"<p style=\"text-align: justify;\"><strong>FELIZ ANO BOM em OURINHOS&#8230;<\/strong><\/p>\n<p style=\"text-align: justify;\"><em>\u201cOs p\u00e1ssaros cantam<br \/>\nMonotonamente &#8211;<br \/>\nFeriado do ano-novo.\u201d<\/em><\/p>\n<p style=\"text-align: justify;\"><em>(<\/em><a href=\"https:\/\/www.pensador.com\/autor\/paulo_franchetti\/\"><em>Paulo Franchetti<\/em><\/a><em>)<\/em><\/p>\n<p style=\"text-align: justify;\"><strong>S\u00e9rgio Barbosa (*)<\/strong><\/p>\n<p style=\"text-align: justify;\"><strong><em>Aos irm\u00e3os VALDEREZ e VALDIR , ainda, CELSO (in memoriam), dedico! <\/em><\/strong><\/p>\n<p style=\"text-align: justify;\">QUANDO EU ERA CRIAN\u00c7A PEQUENA em Ourinhos, prov\u00edncia do interior paulista, divisa com o estado do Paran\u00e1, ainda, deste lado, existem duas cidades, MARQUES DOS REIS que era a primeira esta\u00e7\u00e3o neste estado pela ferrovia da antiga RVPSC, depois, RFFSA, tamb\u00e9m, pela rodovia, JACAREZINHO&#8230;<\/p>\n<p style=\"text-align: justify;\">Pois, este ANO NOVO ANO traz de um jeito ou de outro, muitas recorda\u00e7\u00f5es deste outro tempo do meu tempo naqueles lados da minha cidade natal, tendo em vista que tudo acontecia antes e depois do t\u00e3o esperado ALMO\u00c7O DO ANO NOVO com a fam\u00edlia naquela mesa que ficava na \u00e1rea depois da cozinha da minha casa&#8230;<\/p>\n<p style=\"text-align: justify;\">Tais lembran\u00e7as trazem na minha mem\u00f3ria os meus PAIS, al\u00e9m dos irm\u00e3os que estavam sempre presente, ou seja, minha irm\u00e3, VALDEREZ e o VALDIR, por\u00e9m, quase n\u00e3o me lembro do outro meu irm\u00e3o mais velho, CELSO ou CELSINHO nestas ocasi\u00f5es especiais com a FAM\u00cdLIA BARBOSA&#8230;<\/p>\n<p style=\"text-align: justify;\">Meus PAIS estavam sempre marcando presen\u00e7a nestas datas, al\u00e9m do mais, comemorar a chegada de mais um ANO NOVO era tudo de bom naquele outro tempo do meu tempo, assim, BASTI\u00c3O BARBOSA e DONA TATINHA procuraram fazer o melhor para que a FAM\u00cdLIA pudesse comemorar tal data&#8230;<\/p>\n<p style=\"text-align: justify;\">N\u00e3o sei se estou certo aqui com a minha mem\u00f3ria, mas, os pratos eram todos caseiros e com a BEN\u00c7\u00c3O da minha m\u00e3e com aquele toque mais do que especial naquela MACARRONADA com aquela LEITOA ASSADA e uma SALADA DE BATATA para fazer a diferen\u00e7a&#8230;<\/p>\n<p style=\"text-align: justify;\">Ah! N\u00e3o podia faltar a t\u00e3o esperada TUBAINA CAI\u00c7ARA, uma del\u00edcia de bebida que estava sempre presente nestas ocasi\u00f5es especiais e tamb\u00e9m, nos DOMINGOS durante o ano&#8230;<\/p>\n<p style=\"text-align: justify;\">N\u00e3o sei por que, mas, neste ANO NOVO ANO em tempo de PANDEMIA e em ritmo de ISOLAMENTO SOCIAL, tudo pode ser o que n\u00e3o \u00e9 para todos os lados familiares, todavia, torna-se necess\u00e1rio este REGISTRO FAMILIAR que pode ser traduzido como IN MEMORIAM para os meus PAIS (Basti\u00e3o e Tatinha) e irm\u00e3o, CELSO, considerando que todos partiram para o outro tempo deste tempo faz um tempo&#8230;<\/p>\n<p style=\"text-align: justify;\">Mesmo assim, ficaram as \u00f3timas recorda\u00e7\u00f5es destes tantos primeiros de janeiro comemorados pela FAM\u00cdLIA BARBOSA, acredito que de vez em sempre eram convidados este ou aquele\/a PARENTE do lado da minha M\u00c3E para estes ALMO\u00c7OS&#8230;<\/p>\n<p style=\"text-align: justify;\">Outra coisa, como EU ERA UMA CRIAN\u00c7A PEQUENA em Ourinhos naquele tempo, antes desta confraterniza\u00e7\u00e3o familiar, junto com o meu irm\u00e3o, VALDIR, dois anos mais novo, eram realizadas diversas visitas para os parentes pr\u00f3ximos e vizinhos atr\u00e1s do FELIZ ANO BOM para arrecadar alguns trocos aqui e ali para os DOCES E BALAS na semana seguinte&#8230;<\/p>\n<p style=\"text-align: justify;\">N\u00e3o se pode deixar de lado a outra DATA, ou seja, o NATAL e assim por diante, por\u00e9m, hoje, 1 de JANEIRO de 2.021, faz-se necess\u00e1rio trazer de volta, isso \u00e9, depois de N\u00c3O SEI QUANTOS ANOS, essas LEMBRAN\u00c7AS que acredito que s\u00e3o COMUNS para a maioria das pessoas que est\u00e3o nesta faixa et\u00e1ria&#8230;<\/p>\n<p style=\"text-align: justify;\"><strong><em>AVE FAM\u00cdLIA BARBOSA!<\/em><\/strong><\/p>\n<p style=\"text-align: justify;\"><strong><em>AVE OURINHOS-SP!<\/em><\/strong><\/p>\n<p style=\"text-align: justify;\"><strong><em>__________________________<\/em><\/strong><\/p>\n<p style=\"text-align: justify;\"><strong><em>(*) natural da prov\u00edncia de Ourinhos-SP. <\/em><\/strong><\/p>\n","protected":false},"excerpt":{"rendered":"<p>FELIZ ANO BOM em OURINHOS&#8230; \u201cOs p\u00e1ssaros cantam Monotonamente &#8211; Feriado do ano-novo.\u201d (Paulo Franchetti) S\u00e9rgio Barbosa (*) Aos irm\u00e3os VALDEREZ e VALDIR , ainda, CELSO (in memoriam), dedico! QUANDO EU ERA CRIAN\u00c7A PEQUENA em Ourinhos, prov\u00edncia do interior paulista, divisa com o estado do Paran\u00e1, ainda, deste lado, existem duas cidades, MARQUES DOS REIS [&hellip;]<\/p>\n","protected":false},"author":1,"featured_media":58140,"comment_status":"closed","ping_status":"open","sticky":false,"template":"","format":"standard","meta":{"footnotes":""},"categories":[175],"tags":[],"class_list":["post-58139","post","type-post","status-publish","format-standard","has-post-thumbnail","hentry","category-artigos"],"_links":{"self":[{"href":"https:\/\/jorgezanoni.com.br\/2019\/wp-json\/wp\/v2\/posts\/58139","targetHints":{"allow":["GET"]}}],"collection":[{"href":"https:\/\/jorgezanoni.com.br\/2019\/wp-json\/wp\/v2\/posts"}],"about":[{"href":"https:\/\/jorgezanoni.com.br\/2019\/wp-json\/wp\/v2\/types\/post"}],"author":[{"embeddable":true,"href":"https:\/\/jorgezanoni.com.br\/2019\/wp-json\/wp\/v2\/users\/1"}],"replies":[{"embeddable":true,"href":"https:\/\/jorgezanoni.com.br\/2019\/wp-json\/wp\/v2\/comments?post=58139"}],"version-history":[{"count":0,"href":"https:\/\/jorgezanoni.com.br\/2019\/wp-json\/wp\/v2\/posts\/58139\/revisions"}],"wp:featuredmedia":[{"embeddable":true,"href":"https:\/\/jorgezanoni.com.br\/2019\/wp-json\/wp\/v2\/media\/58140"}],"wp:attachment":[{"href":"https:\/\/jorgezanoni.com.br\/2019\/wp-json\/wp\/v2\/media?parent=58139"}],"wp:term":[{"taxonomy":"category","embeddable":true,"href":"https:\/\/jorgezanoni.com.br\/2019\/wp-json\/wp\/v2\/categories?post=58139"},{"taxonomy":"post_tag","embeddable":true,"href":"https:\/\/jorgezanoni.com.br\/2019\/wp-json\/wp\/v2\/tags?post=58139"}],"curies":[{"name":"wp","href":"https:\/\/api.w.org\/{rel}","templated":true}]}}