{"id":58084,"date":"2021-12-26T14:42:24","date_gmt":"2021-12-26T14:42:24","guid":{"rendered":"https:\/\/jorgezanoni.com.br\/2019\/?p=58084"},"modified":"2021-12-26T18:56:33","modified_gmt":"2021-12-26T18:56:33","slug":"apos-bater-veiculo-em-arvore-na-sp-294m-home-e-preso-pela-policia-rodoviaria-por-embriagres","status":"publish","type":"post","link":"https:\/\/jorgezanoni.com.br\/2019\/apos-bater-veiculo-em-arvore-na-sp-294m-home-e-preso-pela-policia-rodoviaria-por-embriagres\/","title":{"rendered":"Ap\u00f3s bater ve\u00edculo em \u00e1rvore na SP-294 homem \u00e9 preso pela Pol\u00edcia Rodovi\u00e1ria por embriagu\u00eaz"},"content":{"rendered":"<p style=\"text-align: justify;\">Durante Opera\u00e7\u00e3o Rodovia Mais Segura na manh\u00e3 deste domingo (26), a equipe se deslocou para atendimento de sinistro de tr\u00e2nsito com v\u00edtima (Choque contra \u00e1rvore e barranco), envolvendo o autom\u00f3vel Vw\/Parati, ano 2007, com placas de Junqueir\u00f3polis, que transitava no sentido Irapuru a Dracena.<\/p>\n<p style=\"text-align: justify;\">O condutor, que havia sido socorrido com ferimentos leves ao Pronto Socorro de Dracena, pela unidade de Resgate da Concession\u00e1ria Eixo SP, foi convidado a realizar o teste do etil\u00f4metro, que resultou em 0,89 Mg\/l de \u00e1lcool por litro de ar alveolar.<\/p>\n<p style=\"text-align: justify;\">O condutor do autom\u00f3vel, um homem de 31 anos de idade, morador de Junqueir\u00f3polis, que se feriu levemente e encontrava-se s\u00f3 no interior do ve\u00edculo, recebeu voz de pris\u00e3o em flagrante, por embriaguez ao volante e ci\u00eancia de seus direitos constitucionais.<\/p>\n<p style=\"text-align: justify;\">Foi arbitrado a fian\u00e7a de R$ 1.100,00 (Um mil e cem reais) ao condutor, para responder ao processo em liberdade, a qual foi paga por familiares, sendo o mesmo ouvido e ap\u00f3s o pagamento, liberado.<\/p>\n<p><img loading=\"lazy\" decoding=\"async\" class=\"alignnone size-full wp-image-58085\" src=\"https:\/\/jorgezanoni.com.br\/2019\/wp-content\/uploads\/2021\/12\/batida.jpg\" alt=\"\" width=\"1480\" height=\"832\" srcset=\"https:\/\/jorgezanoni.com.br\/2019\/wp-content\/uploads\/2021\/12\/batida.jpg 1480w, https:\/\/jorgezanoni.com.br\/2019\/wp-content\/uploads\/2021\/12\/batida-300x169.jpg 300w, https:\/\/jorgezanoni.com.br\/2019\/wp-content\/uploads\/2021\/12\/batida-1024x576.jpg 1024w, https:\/\/jorgezanoni.com.br\/2019\/wp-content\/uploads\/2021\/12\/batida-768x432.jpg 768w, https:\/\/jorgezanoni.com.br\/2019\/wp-content\/uploads\/2021\/12\/batida-696x391.jpg 696w, https:\/\/jorgezanoni.com.br\/2019\/wp-content\/uploads\/2021\/12\/batida-1068x600.jpg 1068w, https:\/\/jorgezanoni.com.br\/2019\/wp-content\/uploads\/2021\/12\/batida-747x420.jpg 747w\" sizes=\"auto, (max-width: 1480px) 100vw, 1480px\" \/><\/p>\n<p style=\"text-align: justify;\">Fonte: PMR<\/p>\n<p style=\"text-align: justify;\">Comp. Jorge Zanoni<\/p>\n","protected":false},"excerpt":{"rendered":"<p>Durante Opera\u00e7\u00e3o Rodovia Mais Segura na manh\u00e3 deste domingo (26), a equipe se deslocou para atendimento de sinistro de tr\u00e2nsito com v\u00edtima (Choque contra \u00e1rvore e barranco), envolvendo o autom\u00f3vel Vw\/Parati, ano 2007, com placas de Junqueir\u00f3polis, que transitava no sentido Irapuru a Dracena. O condutor, que havia sido socorrido com ferimentos leves ao Pronto [&hellip;]<\/p>\n","protected":false},"author":1,"featured_media":58086,"comment_status":"closed","ping_status":"open","sticky":false,"template":"","format":"standard","meta":{"footnotes":""},"categories":[170,110],"tags":[],"class_list":["post-58084","post","type-post","status-publish","format-standard","has-post-thumbnail","hentry","category-acidentes","category-noticiasdestaque"],"_links":{"self":[{"href":"https:\/\/jorgezanoni.com.br\/2019\/wp-json\/wp\/v2\/posts\/58084","targetHints":{"allow":["GET"]}}],"collection":[{"href":"https:\/\/jorgezanoni.com.br\/2019\/wp-json\/wp\/v2\/posts"}],"about":[{"href":"https:\/\/jorgezanoni.com.br\/2019\/wp-json\/wp\/v2\/types\/post"}],"author":[{"embeddable":true,"href":"https:\/\/jorgezanoni.com.br\/2019\/wp-json\/wp\/v2\/users\/1"}],"replies":[{"embeddable":true,"href":"https:\/\/jorgezanoni.com.br\/2019\/wp-json\/wp\/v2\/comments?post=58084"}],"version-history":[{"count":0,"href":"https:\/\/jorgezanoni.com.br\/2019\/wp-json\/wp\/v2\/posts\/58084\/revisions"}],"wp:featuredmedia":[{"embeddable":true,"href":"https:\/\/jorgezanoni.com.br\/2019\/wp-json\/wp\/v2\/media\/58086"}],"wp:attachment":[{"href":"https:\/\/jorgezanoni.com.br\/2019\/wp-json\/wp\/v2\/media?parent=58084"}],"wp:term":[{"taxonomy":"category","embeddable":true,"href":"https:\/\/jorgezanoni.com.br\/2019\/wp-json\/wp\/v2\/categories?post=58084"},{"taxonomy":"post_tag","embeddable":true,"href":"https:\/\/jorgezanoni.com.br\/2019\/wp-json\/wp\/v2\/tags?post=58084"}],"curies":[{"name":"wp","href":"https:\/\/api.w.org\/{rel}","templated":true}]}}