{"id":57985,"date":"2021-12-24T14:08:20","date_gmt":"2021-12-24T14:08:20","guid":{"rendered":"https:\/\/jorgezanoni.com.br\/2019\/?p=57985"},"modified":"2021-12-24T14:08:20","modified_gmt":"2021-12-24T14:08:20","slug":"deputado-bragato-recebe-governador-em-exercicio-rodrigo-garcia-em-inauguracao-de-obras-na-regiao-de-presidente-prudente","status":"publish","type":"post","link":"https:\/\/jorgezanoni.com.br\/2019\/deputado-bragato-recebe-governador-em-exercicio-rodrigo-garcia-em-inauguracao-de-obras-na-regiao-de-presidente-prudente\/","title":{"rendered":"Deputado Bragato recebe governador em exerc\u00edcio Rodrigo Garcia em inaugura\u00e7\u00e3o de obras na regi\u00e3o de Presidente Prudente"},"content":{"rendered":"<p style=\"text-align: justify;\">O deputado Mauro Bragato acompanhou o governador do Estado de S\u00e3o Paulo em exerc\u00edcio, Rodrigo Garcia, em uma s\u00e9rie de visitas e an\u00fancios de obras para a regi\u00e3o do Pontal do Paranapanema, e na Nova Alta Paulista.<\/p>\n<p style=\"text-align: justify;\">A maratona pelo interior paulista come\u00e7ou de manh\u00e3 em Regente Feij\u00f3 com a inaugura\u00e7\u00e3o da extens\u00e3o da Avenida Clemente Pereira, que liga o munic\u00edpio at\u00e9 Presidente Prudente. Na oportunidade, o governador assinou a autoriza\u00e7\u00e3o do conv\u00eanio do programa \u201cNovas Estradas Vicinais\u201d.<\/p>\n<p style=\"text-align: justify;\">Na sequ\u00eancia, \u00e0s 10h30, a comitiva seguiu para Presidente Prudente para inaugurar o restaurante Bom Prato, onde foi servido um almo\u00e7o especial de Natal gratuito.<br \/>\nNo per\u00edodo da tarde a comitiva esteve em Junqueir\u00f3polis para inaugurar as novas instala\u00e7\u00f5es do 100\u00b0 Poupatempo do Estado de S\u00e3o Paulo.<br \/>\nA agenda foi finalizada em Dracena com a entrega do conjunto habitacional \u201cFlorindo Tabachi\u201d com 300 unidades da secretaria de estado de Habita\u00e7\u00e3o.<br \/>\nBragato ressaltou a import\u00e2ncia da aten\u00e7\u00e3o que o Governo de S\u00e3o Paulo tem dado para a regi\u00e3o Oeste do Estado e agradeceu aos secret\u00e1rios de estado presentes e ao governador em exerc\u00edcio do Estado de S\u00e3o Paulo Rodrigo Garcia.<\/p>\n<p>Fonte: #MauroBragato<\/p>\n","protected":false},"excerpt":{"rendered":"<p>O deputado Mauro Bragato acompanhou o governador do Estado de S\u00e3o Paulo em exerc\u00edcio, Rodrigo Garcia, em uma s\u00e9rie de visitas e an\u00fancios de obras para a regi\u00e3o do Pontal do Paranapanema, e na Nova Alta Paulista. A maratona pelo interior paulista come\u00e7ou de manh\u00e3 em Regente Feij\u00f3 com a inaugura\u00e7\u00e3o da extens\u00e3o da Avenida [&hellip;]<\/p>\n","protected":false},"author":1,"featured_media":57986,"comment_status":"closed","ping_status":"open","sticky":false,"template":"","format":"standard","meta":{"footnotes":""},"categories":[110,116],"tags":[],"class_list":["post-57985","post","type-post","status-publish","format-standard","has-post-thumbnail","hentry","category-noticiasdestaque","category-politicaeeconomia"],"_links":{"self":[{"href":"https:\/\/jorgezanoni.com.br\/2019\/wp-json\/wp\/v2\/posts\/57985","targetHints":{"allow":["GET"]}}],"collection":[{"href":"https:\/\/jorgezanoni.com.br\/2019\/wp-json\/wp\/v2\/posts"}],"about":[{"href":"https:\/\/jorgezanoni.com.br\/2019\/wp-json\/wp\/v2\/types\/post"}],"author":[{"embeddable":true,"href":"https:\/\/jorgezanoni.com.br\/2019\/wp-json\/wp\/v2\/users\/1"}],"replies":[{"embeddable":true,"href":"https:\/\/jorgezanoni.com.br\/2019\/wp-json\/wp\/v2\/comments?post=57985"}],"version-history":[{"count":0,"href":"https:\/\/jorgezanoni.com.br\/2019\/wp-json\/wp\/v2\/posts\/57985\/revisions"}],"wp:featuredmedia":[{"embeddable":true,"href":"https:\/\/jorgezanoni.com.br\/2019\/wp-json\/wp\/v2\/media\/57986"}],"wp:attachment":[{"href":"https:\/\/jorgezanoni.com.br\/2019\/wp-json\/wp\/v2\/media?parent=57985"}],"wp:term":[{"taxonomy":"category","embeddable":true,"href":"https:\/\/jorgezanoni.com.br\/2019\/wp-json\/wp\/v2\/categories?post=57985"},{"taxonomy":"post_tag","embeddable":true,"href":"https:\/\/jorgezanoni.com.br\/2019\/wp-json\/wp\/v2\/tags?post=57985"}],"curies":[{"name":"wp","href":"https:\/\/api.w.org\/{rel}","templated":true}]}}