{"id":57966,"date":"2021-12-24T12:36:27","date_gmt":"2021-12-24T12:36:27","guid":{"rendered":"https:\/\/jorgezanoni.com.br\/2019\/?p=57966"},"modified":"2021-12-24T12:36:27","modified_gmt":"2021-12-24T12:36:27","slug":"dracenense-que-morreu-em-londres-sera-sepultado-neste-domingo-em-dracena","status":"publish","type":"post","link":"https:\/\/jorgezanoni.com.br\/2019\/dracenense-que-morreu-em-londres-sera-sepultado-neste-domingo-em-dracena\/","title":{"rendered":"Dracenense que morreu em Londres, ser\u00e1 sepultado neste domingo em Dracena"},"content":{"rendered":"<h2 style=\"text-align: justify;\"><strong>Ap\u00f3s campanha realizada pela fam\u00edlia e conseguir doa\u00e7\u00f5es no valor de R$ 60 mil reais para translado, corpo de Jo\u00e3o Rafael Gaspareli vir\u00e1 para o Brasil.<\/strong><\/h2>\n<div class=\"mc-column content-text active-extra-styles \" style=\"text-align: justify;\" data-block-type=\"unstyled\" data-block-weight=\"51\" data-block-id=\"2\">\n<p class=\"content-text__container \" data-track-category=\"Link no Texto\" data-track-links=\"\">O corpo do brasileiro Jo\u00e3o Rafael Gaspareli deve chegar a\u00a0<a href=\"https:\/\/g1.globo.com\/sp\/presidente-prudente-regiao\/cidade\/dracena\/\">Dracena<\/a>\u00a0(SP) neste domingo (26), mais de um m\u00eas ap\u00f3s a morte dele, em Londres, na Inglaterra.\u00a0<a href=\"https:\/\/g1.globo.com\/sp\/presidente-prudente-regiao\/noticia\/2021\/11\/29\/familia-obtem-r-60-mil-para-fazer-o-traslado-de-corpo-de-brasileiro-que-morreu-na-inglaterra-e-agradece-doacoes-deus-colocou-sua-mao-para-nos-abencoar.ghtml\">A fam\u00edlia conseguiu obter, atrav\u00e9s de doa\u00e7\u00f5es, os R$ 60 mil necess\u00e1rios para bancar as despesas de traslado do corpo para o Brasil<\/a>.<\/p>\n<\/div>\n<div class=\"wall protected-content\">\n<div class=\"mc-column content-text active-extra-styles \" style=\"text-align: justify;\" data-block-type=\"unstyled\" data-block-weight=\"23\" data-block-id=\"3\">\n<p class=\"content-text__container \" data-track-category=\"Link no Texto\" data-track-links=\"\">O vel\u00f3rio est\u00e1 previsto para come\u00e7ar \u00e0s 7h, no Memorial VidaPrev, em\u00a0<a href=\"https:\/\/g1.globo.com\/sp\/presidente-prudente-regiao\/cidade\/dracena\/\">Dracena<\/a>. O sepultamento est\u00e1 marcado \u00e0s 13h, no Cemit\u00e9rio Municipal.<\/p>\n<\/div>\n<div class=\"mc-column content-text active-extra-styles \" data-block-type=\"unstyled\" data-block-weight=\"32\" data-block-id=\"4\">\n<p class=\"content-text__container \" style=\"text-align: justify;\" data-track-category=\"Link no Texto\" data-track-links=\"\">Gaspareli tinha 32 anos e morava havia menos de um ano na Inglaterra, onde trabalhava como entregador.\u00a0<a href=\"https:\/\/g1.globo.com\/sp\/presidente-prudente-regiao\/noticia\/2021\/11\/26\/familia-de-dracena-no-interior-de-sp-vive-drama-para-fazer-traslado-de-corpo-de-brasileiro-que-morreu-na-inglaterra.ghtml\">Na madrugada do dia 21 de novembro, ele foi encontrado morto na pens\u00e3o onde residia.<\/a><\/p>\n<div class=\"mc-column content-text active-extra-styles\" style=\"text-align: justify;\" data-block-type=\"raw\" data-block-weight=\"2\" data-block-id=\"6\">\n<div class=\"content-intertitle\">\n<h2>O drama<\/h2>\n<\/div>\n<\/div>\n<div class=\"mc-column content-text active-extra-styles \" style=\"text-align: justify;\" data-block-type=\"unstyled\" data-block-weight=\"48\" data-block-id=\"7\">\n<p class=\"content-text__container \" data-track-category=\"Link no Texto\" data-track-links=\"\">O drama da fam\u00edlia Gaspareli, que mora em\u00a0<a href=\"https:\/\/g1.globo.com\/sp\/presidente-prudente-regiao\/cidade\/dracena\/\">Dracena<\/a>, come\u00e7ou no dia 21 de novembro, quando Jo\u00e3o Rafael morreu na Inglaterra e os parentes depararam-se com a situa\u00e7\u00e3o de n\u00e3o ter os R$ 60 mil necess\u00e1rios para cobrir os gastos do traslado do corpo dele para o Brasil.<\/p>\n<\/div>\n<div class=\"mc-column content-text active-extra-styles \" style=\"text-align: justify;\" data-block-type=\"unstyled\" data-block-weight=\"9\" data-block-id=\"8\">\n<p class=\"content-text__container \" data-track-category=\"Link no Texto\" data-track-links=\"\">Jo\u00e3o Rafael era o \u00fanico filho homem da fam\u00edlia.<\/p>\n<\/div>\n<div class=\"mc-column content-text active-extra-styles \" style=\"text-align: justify;\" data-block-type=\"unstyled\" data-block-weight=\"42\" data-block-id=\"9\">\n<p class=\"content-text__container \" data-track-category=\"Link no Texto\" data-track-links=\"\">\u201cN\u00f3s somos em quatro. Ele [Jo\u00e3o] \u00e9 g\u00eameo com outra irm\u00e3, \u00e9 o \u00fanico filho homem e o meu pai e minha m\u00e3e perderam esse filho e est\u00e1 sendo muito dif\u00edcil. Dif\u00edcil sentimentalmente, dif\u00edcil financeiramente\u201d, contou Fabiana, uma das irm\u00e3s do entregador.<\/p>\n<\/div>\n<div class=\"mc-column content-text active-extra-styles \" style=\"text-align: justify;\" data-block-type=\"unstyled\" data-block-weight=\"16\" data-block-id=\"10\">\n<p class=\"content-text__container \" data-track-category=\"Link no Texto\" data-track-links=\"\">O desejo da fam\u00edlia era de velar e enterrar o corpo de Jo\u00e3o Rafael em\u00a0<a href=\"https:\/\/g1.globo.com\/sp\/presidente-prudente-regiao\/cidade\/dracena\/\">Dracena<\/a>.<\/p>\n<\/div>\n<div class=\"row medium-uncollapsed content-media content-photo\" data-block-type=\"backstage-photo\" data-block-id=\"11\">\n<div class=\"mc-column content-media__container\">\n<div class=\"content-media-container glb-skeleton-box\">\n<figure class=\"content-media-figure\"><img decoding=\"async\" class=\"i-amphtml-fill-content i-amphtml-replaced-content\" src=\"https:\/\/s2.glbimg.com\/BxGwMGOJGr30TY_W0PIZ9My45qY=\/0x0:1202x1600\/984x0\/smart\/filters:strip_icc()\/i.s3.glbimg.com\/v1\/AUTH_59edd422c0c84a879bd37670ae4f538a\/internal_photos\/bs\/2021\/s\/e\/LQYylOSLavoRkMee8F1A\/whatsapp-image-2021-11-26-at-16.38.17.jpeg\" sizes=\"(max-width: 1366px) 648px, 100vw\" srcset=\"https:\/\/s2.glbimg.com\/ZpFPBzlYqkkLKlqRNKRV_X_gSh4=\/0x0:1202x1600\/1000x0\/smart\/filters:strip_icc()\/i.s3.glbimg.com\/v1\/AUTH_59edd422c0c84a879bd37670ae4f538a\/internal_photos\/bs\/2021\/s\/e\/LQYylOSLavoRkMee8F1A\/whatsapp-image-2021-11-26-at-16.38.17.jpeg 1000w, https:\/\/s2.glbimg.com\/BxGwMGOJGr30TY_W0PIZ9My45qY=\/0x0:1202x1600\/984x0\/smart\/filters:strip_icc()\/i.s3.glbimg.com\/v1\/AUTH_59edd422c0c84a879bd37670ae4f538a\/internal_photos\/bs\/2021\/s\/e\/LQYylOSLavoRkMee8F1A\/whatsapp-image-2021-11-26-at-16.38.17.jpeg 984w, https:\/\/s2.glbimg.com\/3UUF6Ipb60ptmCFxt27KqnhbDlY=\/0x0:1202x1600\/640x0\/smart\/filters:strip_icc()\/i.s3.glbimg.com\/v1\/AUTH_59edd422c0c84a879bd37670ae4f538a\/internal_photos\/bs\/2021\/s\/e\/LQYylOSLavoRkMee8F1A\/whatsapp-image-2021-11-26-at-16.38.17.jpeg 640w, https:\/\/s2.glbimg.com\/7oZDcIXBFevho4QU6hIEx41mqqs=\/0x0:1202x1600\/600x0\/smart\/filters:strip_icc()\/i.s3.glbimg.com\/v1\/AUTH_59edd422c0c84a879bd37670ae4f538a\/internal_photos\/bs\/2021\/s\/e\/LQYylOSLavoRkMee8F1A\/whatsapp-image-2021-11-26-at-16.38.17.jpeg 600w\" alt=\"Jo\u00e3o Rafael Gaspareli tinha 32 anos e morreu em Londres, na Inglaterra \u2014 Foto: Cedida\/Fam\u00edlia\" \/><\/p>\n<div class=\"row medium-uncollapsed content-media content-photo\" style=\"text-align: justify;\" data-block-type=\"backstage-photo\" data-block-id=\"11\">\n<div class=\"mc-column content-media__container\">\n<p class=\"content-media__description \">Jo\u00e3o Rafael Gaspareli tinha 32 anos e morreu em Londres, na Inglaterra \u2014 Foto: Cedida\/Fam\u00edlia<\/p>\n<\/div>\n<\/div>\n<div class=\"content-ads content-ads--reveal\" data-block-type=\"ads\" data-block-id=\"12\">\n<div id=\"banner_materia__b083a006-2394-44a9-a534-13a1a8ac47c3\" class=\"tag-manager-publicidade-container mc-has-reveal mc-has-ad-lazyload tag-manager-publicidade-banner_materia__b083a006-2394-44a9-a534-13a1a8ac47c3 tag-manager-publicidade-container--carregado tag-manager-publicidade-container--visivel\" data-id=\"banner_materia__b083a006-2394-44a9-a534-13a1a8ac47c3\" data-req=\"true\" data-cid=\"138376184595\" data-lid=\"5861750876\" data-google-query-id=\"CL3HlJa4_PQCFflHuAQdPtYEZQ\">\n<div class=\"mc-column content-text active-extra-styles \" style=\"text-align: justify;\" data-block-type=\"unstyled\" data-block-weight=\"30\" data-block-id=\"13\">\n<p class=\"content-text__container \" data-track-category=\"Link no Texto\" data-track-links=\"\">O valor de R$ 60 mil incluia despesas para o traslado e tamb\u00e9m as taxas pela perman\u00eancia do corpo no necrot\u00e9rio de Londres, pois a quantia \u00e9 cobrada por semana.<\/p>\n<\/div>\n<div class=\"mc-column content-text active-extra-styles \" style=\"text-align: justify;\" data-block-type=\"unstyled\" data-block-weight=\"20\" data-block-id=\"14\">\n<p class=\"content-text__container \" data-track-category=\"Link no Texto\" data-track-links=\"\">Em contato com a diplomacia brasileira, a fam\u00edlia havia sido informada de que as despesas s\u00e3o de responsabilidade dos parentes.<\/p>\n<\/div>\n<div class=\"mc-column content-text active-extra-styles \" style=\"text-align: justify;\" data-block-type=\"unstyled\" data-block-weight=\"38\" data-block-id=\"15\">\n<p class=\"content-text__container \" data-track-category=\"Link no Texto\" data-track-links=\"\">Daniela Gaspareli, que \u00e9 outra irm\u00e3 de Jo\u00e3o Rafael e que tamb\u00e9m mora em Londres, contou que o consulado e a embaixada do Brasil na Inglaterra ajudaram na documenta\u00e7\u00e3o de como a fam\u00edlia deve proceder, mas n\u00e3o financeiramente.<\/p>\n<\/div>\n<div class=\"mc-column content-text active-extra-styles \" style=\"text-align: justify;\" data-block-type=\"unstyled\" data-block-weight=\"34\" data-block-id=\"16\">\n<p class=\"content-text__container \" data-track-category=\"Link no Texto\" data-track-links=\"\">O Pal\u00e1cio do Itamaraty, que representa o Minist\u00e9rio das Rela\u00e7\u00f5es Exteriores, informou \u00e0\u00a0<strong>TV Fronteira\u00a0<\/strong>que o Consulado Geral do Brasil, em Londres, acompanhou o caso com aten\u00e7\u00e3o e prestou toda a assist\u00eancia cab\u00edvel.<\/p>\n<\/div>\n<div class=\"mc-column content-text active-extra-styles\" style=\"text-align: justify;\" data-block-type=\"raw\" data-block-weight=\"2\" data-block-id=\"17\">\n<div class=\"content-intertitle\">\n<h2>VEJA TAMB\u00c9M:<\/h2>\n<\/div>\n<\/div>\n<div class=\"mc-column content-text active-extra-styles\" style=\"text-align: justify;\" data-block-type=\"raw\" data-block-weight=\"39\" data-block-id=\"18\">\n<ul class=\"content-unordered-list\">\n<li><a href=\"https:\/\/g1.globo.com\/sp\/presidente-prudente-regiao\/noticia\/2021\/11\/26\/familia-de-dracena-no-interior-de-sp-vive-drama-para-fazer-traslado-de-corpo-de-brasileiro-que-morreu-na-inglaterra.ghtml\">Fam\u00edlia de Dracena, no interior de SP, vive drama para fazer traslado de corpo de brasileiro que morreu na Inglaterra<\/a><\/li>\n<li><a href=\"https:\/\/g1.globo.com\/sp\/presidente-prudente-regiao\/noticia\/2021\/11\/29\/familia-obtem-r-60-mil-para-fazer-o-traslado-de-corpo-de-brasileiro-que-morreu-na-inglaterra-e-agradece-doacoes-deus-colocou-sua-mao-para-nos-abencoar.ghtml\">Fam\u00edlia agradece doa\u00e7\u00f5es para o traslado de brasileiro que morreu na Inglaterra: \u2018Deus colocou sua m\u00e3o para nos aben\u00e7oar\u2019<\/a><\/li>\n<\/ul>\n<\/div>\n<div class=\"mc-column content-text active-extra-styles \" data-block-type=\"unstyled\" data-block-weight=\"53\" data-block-id=\"19\">\n<p class=\"content-text__container \" style=\"text-align: justify;\" data-track-category=\"Link no Texto\" data-track-links=\"\">O dinheiro que a fam\u00edlia precisava para trazer o corpo de Jo\u00e3o Rafael veio atrav\u00e9s de doa\u00e7\u00f5es. No dia 29 de novembro, uma das irm\u00e3s de Gaspareli postou em uma rede social uma mensagem de agradecimento \u00e0s doa\u00e7\u00f5es que a fam\u00edlia recebeu para fazer o traslado do corpo da Inglaterra para o Brasil.<\/p>\n<div class=\"mc-column content-text active-extra-styles\" style=\"text-align: justify;\" data-block-type=\"raw\" data-block-weight=\"84\" data-block-id=\"21\">\n<blockquote class=\"content-blockquote theme-border-color-primary-before\"><p>\u201cVenho, atrav\u00e9s deste post, agradecer de cora\u00e7\u00e3o, em nome da minha fam\u00edlia, todas as doa\u00e7\u00f5es que tivemos para trazer o corpo do meu irm\u00e3o Jo\u00e3o Rafael Gaspareli, que faleceu em Londres. N\u00e3o consigo aqui falar o nome de cada pessoa, empresa, que nos ajudaram, que fizeram suas doa\u00e7\u00f5es. Pe\u00e7o a Deus que aben\u00e7oe a todos. J\u00e1 conseguimos o valor [de] que precis\u00e1vamos para fazer o translado, ent\u00e3o, venho aqui para falar que podemos parar com a campanha, com as doa\u00e7\u00f5es\u201d, disse Fabiana Gaspareli Mattos.<\/p><\/blockquote>\n<p>\u201cFoi uma a\u00e7\u00e3o entre amigos muito linda e aben\u00e7oada, eu acredito fielmente que Deus colocou sua m\u00e3o para nos aben\u00e7oar, e com tudo isso vimos que meu irm\u00e3o era uma pessoa querida. Uma grande dor para n\u00f3s, mas pelo menos vamos conseguir trazer para sepultar aqui. Agrade\u00e7o aos amigos dele e a nossa fam\u00edlia pelo empenho e companheirismo, Jeov\u00e1 esta vendo tudo isso\u201d, prosseguiu a irm\u00e3 de Jo\u00e3o Rafael.<\/p>\n<\/div>\n<div class=\"mc-column content-text active-extra-styles \" style=\"text-align: justify;\" data-block-type=\"unstyled\" data-block-weight=\"44\" data-block-id=\"23\">\n<p class=\"content-text__container \" data-track-category=\"Link no Texto\" data-track-links=\"\">\u201cObrigado, conseguimos o valor total de todos os gastos entre traslado, papeis, gastos com tudo que envolve a morte dele&#8230; Meus pais n\u00e3o t\u00eam palavras para agradecer, s\u00f3 que Deus cuide de cada um. Nosso muito obrigado a todos. Seremos eternamente gratos\u201d, finalizou Fabiana.<\/p>\n<\/div>\n<div class=\"mc-column content-text active-extra-styles \" data-block-type=\"unstyled\" data-block-weight=\"24\" data-block-id=\"24\">\n<p class=\"content-text__container \" style=\"text-align: justify;\" data-track-category=\"Link no Texto\" data-track-links=\"\">A fam\u00edlia precisou apelar \u00e0s doa\u00e7\u00f5es porque n\u00e3o dispunha do montante em dinheiro para cobrir as despesas da transfer\u00eancia do corpo para o Brasil.<\/p>\n<p style=\"text-align: justify;\" data-track-category=\"Link no Texto\" data-track-links=\"\">Fonte: G1<\/p>\n<p data-track-category=\"Link no Texto\" data-track-links=\"\"><img loading=\"lazy\" decoding=\"async\" class=\"alignnone size-full wp-image-57968\" src=\"https:\/\/jorgezanoni.com.br\/2019\/wp-content\/uploads\/2021\/12\/Joao-Rafael.jpg\" alt=\"\" width=\"1280\" height=\"1279\" srcset=\"https:\/\/jorgezanoni.com.br\/2019\/wp-content\/uploads\/2021\/12\/Joao-Rafael.jpg 1280w, https:\/\/jorgezanoni.com.br\/2019\/wp-content\/uploads\/2021\/12\/Joao-Rafael-300x300.jpg 300w, https:\/\/jorgezanoni.com.br\/2019\/wp-content\/uploads\/2021\/12\/Joao-Rafael-1024x1024.jpg 1024w, https:\/\/jorgezanoni.com.br\/2019\/wp-content\/uploads\/2021\/12\/Joao-Rafael-150x150.jpg 150w, https:\/\/jorgezanoni.com.br\/2019\/wp-content\/uploads\/2021\/12\/Joao-Rafael-768x767.jpg 768w, https:\/\/jorgezanoni.com.br\/2019\/wp-content\/uploads\/2021\/12\/Joao-Rafael-696x695.jpg 696w, https:\/\/jorgezanoni.com.br\/2019\/wp-content\/uploads\/2021\/12\/Joao-Rafael-1068x1067.jpg 1068w, https:\/\/jorgezanoni.com.br\/2019\/wp-content\/uploads\/2021\/12\/Joao-Rafael-420x420.jpg 420w\" sizes=\"auto, (max-width: 1280px) 100vw, 1280px\" \/><\/p>\n<p style=\"text-align: justify;\" data-track-category=\"Link no Texto\" data-track-links=\"\">Comp. Jorge Zanoni<\/p>\n<\/div>\n<p data-track-category=\"Link no Texto\" data-track-links=\"\">\n<\/div>\n<\/div>\n<\/div>\n<\/figure>\n<\/div>\n<\/div>\n<\/div>\n<\/div>\n<\/div>\n<h2 class=\"content-head__subtitle\"><\/h2>\n<p>&nbsp;<\/p>\n<h1 class=\"content-head__title\"><\/h1>\n","protected":false},"excerpt":{"rendered":"<p>Ap\u00f3s campanha realizada pela fam\u00edlia e conseguir doa\u00e7\u00f5es no valor de R$ 60 mil reais para translado, corpo de Jo\u00e3o Rafael Gaspareli vir\u00e1 para o Brasil. O corpo do brasileiro Jo\u00e3o Rafael Gaspareli deve chegar a\u00a0Dracena\u00a0(SP) neste domingo (26), mais de um m\u00eas ap\u00f3s a morte dele, em Londres, na Inglaterra.\u00a0A fam\u00edlia conseguiu obter, atrav\u00e9s [&hellip;]<\/p>\n","protected":false},"author":1,"featured_media":57967,"comment_status":"closed","ping_status":"open","sticky":false,"template":"","format":"standard","meta":{"footnotes":""},"categories":[178,110],"tags":[],"class_list":["post-57966","post","type-post","status-publish","format-standard","has-post-thumbnail","hentry","category-notadefalecimento","category-noticiasdestaque"],"_links":{"self":[{"href":"https:\/\/jorgezanoni.com.br\/2019\/wp-json\/wp\/v2\/posts\/57966","targetHints":{"allow":["GET"]}}],"collection":[{"href":"https:\/\/jorgezanoni.com.br\/2019\/wp-json\/wp\/v2\/posts"}],"about":[{"href":"https:\/\/jorgezanoni.com.br\/2019\/wp-json\/wp\/v2\/types\/post"}],"author":[{"embeddable":true,"href":"https:\/\/jorgezanoni.com.br\/2019\/wp-json\/wp\/v2\/users\/1"}],"replies":[{"embeddable":true,"href":"https:\/\/jorgezanoni.com.br\/2019\/wp-json\/wp\/v2\/comments?post=57966"}],"version-history":[{"count":0,"href":"https:\/\/jorgezanoni.com.br\/2019\/wp-json\/wp\/v2\/posts\/57966\/revisions"}],"wp:featuredmedia":[{"embeddable":true,"href":"https:\/\/jorgezanoni.com.br\/2019\/wp-json\/wp\/v2\/media\/57967"}],"wp:attachment":[{"href":"https:\/\/jorgezanoni.com.br\/2019\/wp-json\/wp\/v2\/media?parent=57966"}],"wp:term":[{"taxonomy":"category","embeddable":true,"href":"https:\/\/jorgezanoni.com.br\/2019\/wp-json\/wp\/v2\/categories?post=57966"},{"taxonomy":"post_tag","embeddable":true,"href":"https:\/\/jorgezanoni.com.br\/2019\/wp-json\/wp\/v2\/tags?post=57966"}],"curies":[{"name":"wp","href":"https:\/\/api.w.org\/{rel}","templated":true}]}}