{"id":57963,"date":"2021-12-24T12:11:59","date_gmt":"2021-12-24T12:11:59","guid":{"rendered":"https:\/\/jorgezanoni.com.br\/2019\/?p=57963"},"modified":"2021-12-24T18:39:49","modified_gmt":"2021-12-24T18:39:49","slug":"morre-cleonice-rodrigues-agra","status":"publish","type":"post","link":"https:\/\/jorgezanoni.com.br\/2019\/morre-cleonice-rodrigues-agra\/","title":{"rendered":"Morre Cleonice Rodrigues Agra"},"content":{"rendered":"<p style=\"text-align: justify;\">Comunicamos com pesar o falecimento no inicio da noite de ontem (23), de Cleonice Rodrigues Agra de 43 anos, Ela havia passado por cirurgia em Adamantina h\u00e1 alguns dias e teve complica\u00e7\u00f5es vindo a \u00f3bito.<\/p>\n<p style=\"text-align: justify;\">Deixa o esposo Robinson, filhos, noras, netos, demais familiares e amigos. \u00c9 irm\u00e3 do Leandro Agra.<\/p>\n<p style=\"text-align: justify;\">O Vel\u00f3rio acontece no Memorial Vida Prev no domingo (26) a partir das 07:00 Horas e o Sepultamento ser\u00e1 as 13:00 Horas no Cemit\u00e9rio Municipal de Dracena.<\/p>\n<p style=\"text-align: justify;\">O Site JZ se solidariza com a fam\u00edlia neste dif\u00edcil momento.<\/p>\n<p style=\"text-align: justify;\">Jorge Zanoni<\/p>\n<p><img loading=\"lazy\" decoding=\"async\" class=\"alignnone size-full wp-image-57997\" src=\"https:\/\/jorgezanoni.com.br\/2019\/wp-content\/uploads\/2021\/12\/Cleonice.jpg\" alt=\"\" width=\"1280\" height=\"1279\" srcset=\"https:\/\/jorgezanoni.com.br\/2019\/wp-content\/uploads\/2021\/12\/Cleonice.jpg 1280w, https:\/\/jorgezanoni.com.br\/2019\/wp-content\/uploads\/2021\/12\/Cleonice-300x300.jpg 300w, https:\/\/jorgezanoni.com.br\/2019\/wp-content\/uploads\/2021\/12\/Cleonice-1024x1024.jpg 1024w, https:\/\/jorgezanoni.com.br\/2019\/wp-content\/uploads\/2021\/12\/Cleonice-150x150.jpg 150w, https:\/\/jorgezanoni.com.br\/2019\/wp-content\/uploads\/2021\/12\/Cleonice-768x767.jpg 768w, https:\/\/jorgezanoni.com.br\/2019\/wp-content\/uploads\/2021\/12\/Cleonice-696x695.jpg 696w, https:\/\/jorgezanoni.com.br\/2019\/wp-content\/uploads\/2021\/12\/Cleonice-1068x1067.jpg 1068w, https:\/\/jorgezanoni.com.br\/2019\/wp-content\/uploads\/2021\/12\/Cleonice-420x420.jpg 420w\" sizes=\"auto, (max-width: 1280px) 100vw, 1280px\" \/><\/p>\n<p>&nbsp;<\/p>\n<p>&nbsp;<\/p>\n","protected":false},"excerpt":{"rendered":"<p>Comunicamos com pesar o falecimento no inicio da noite de ontem (23), de Cleonice Rodrigues Agra de 43 anos, Ela havia passado por cirurgia em Adamantina h\u00e1 alguns dias e teve complica\u00e7\u00f5es vindo a \u00f3bito. Deixa o esposo Robinson, filhos, noras, netos, demais familiares e amigos. \u00c9 irm\u00e3 do Leandro Agra. O Vel\u00f3rio acontece no [&hellip;]<\/p>\n","protected":false},"author":1,"featured_media":57964,"comment_status":"closed","ping_status":"open","sticky":false,"template":"","format":"standard","meta":{"footnotes":""},"categories":[178,110],"tags":[],"class_list":["post-57963","post","type-post","status-publish","format-standard","has-post-thumbnail","hentry","category-notadefalecimento","category-noticiasdestaque"],"_links":{"self":[{"href":"https:\/\/jorgezanoni.com.br\/2019\/wp-json\/wp\/v2\/posts\/57963","targetHints":{"allow":["GET"]}}],"collection":[{"href":"https:\/\/jorgezanoni.com.br\/2019\/wp-json\/wp\/v2\/posts"}],"about":[{"href":"https:\/\/jorgezanoni.com.br\/2019\/wp-json\/wp\/v2\/types\/post"}],"author":[{"embeddable":true,"href":"https:\/\/jorgezanoni.com.br\/2019\/wp-json\/wp\/v2\/users\/1"}],"replies":[{"embeddable":true,"href":"https:\/\/jorgezanoni.com.br\/2019\/wp-json\/wp\/v2\/comments?post=57963"}],"version-history":[{"count":0,"href":"https:\/\/jorgezanoni.com.br\/2019\/wp-json\/wp\/v2\/posts\/57963\/revisions"}],"wp:featuredmedia":[{"embeddable":true,"href":"https:\/\/jorgezanoni.com.br\/2019\/wp-json\/wp\/v2\/media\/57964"}],"wp:attachment":[{"href":"https:\/\/jorgezanoni.com.br\/2019\/wp-json\/wp\/v2\/media?parent=57963"}],"wp:term":[{"taxonomy":"category","embeddable":true,"href":"https:\/\/jorgezanoni.com.br\/2019\/wp-json\/wp\/v2\/categories?post=57963"},{"taxonomy":"post_tag","embeddable":true,"href":"https:\/\/jorgezanoni.com.br\/2019\/wp-json\/wp\/v2\/tags?post=57963"}],"curies":[{"name":"wp","href":"https:\/\/api.w.org\/{rel}","templated":true}]}}