{"id":57949,"date":"2021-12-23T17:10:42","date_gmt":"2021-12-23T17:10:42","guid":{"rendered":"https:\/\/jorgezanoni.com.br\/2019\/?p=57949"},"modified":"2021-12-23T17:10:42","modified_gmt":"2021-12-23T17:10:42","slug":"farmacia-na-unifai-compromisso-e-responsabilidade-social","status":"publish","type":"post","link":"https:\/\/jorgezanoni.com.br\/2019\/farmacia-na-unifai-compromisso-e-responsabilidade-social\/","title":{"rendered":"Farm\u00e1cia na UniFAI: Compromisso e responsabilidade social!"},"content":{"rendered":"<p style=\"text-align: justify;\"><strong>S\u00e9rgio Barbosa \/ UniFAI<\/strong><\/p>\n<p style=\"text-align: justify;\">Todos os olhares est\u00e3o voltados para o mesmo lugar em tempo de Pandemia, ou seja, que o mundo possa receber todas as doses de vacinas necess\u00e1rias para que o controle frente ao \u201ccoronav\u00edrus\u201d possa ser efetivado de acordo com as a\u00e7\u00f5es patrocinadas pela \u00e1rea da sa\u00fade.<\/p>\n<p style=\"text-align: justify;\">A dedica\u00e7\u00e3o e responsabilidade dos (as) profissionais que atuam nestas frentes por meio da Preven\u00e7\u00e3o e controle das diversas \u201cdoen\u00e7as\u201d que existem desde o in\u00edcio da civiliza\u00e7\u00e3o, por\u00e9m, faz alguns s\u00e9culos que os (as) cientistas assumiram o compromisso visando o bem estar integral do ser humano quanto aos aspectos mental e f\u00edsico.<\/p>\n<p style=\"text-align: justify;\"><strong>Curso de Farm\u00e1cia<\/strong><\/p>\n<p style=\"text-align: justify;\">Neste contexto diversificado para todas as \u00e1reas que atuam no mercado, deve-se destacar que o curso de Farm\u00e1cia possui propostas diferenciadas e ampliadas pelas diversas conex\u00f5es com as descobertas de medicamentos envolvendo pesquisas cient\u00edficas.<\/p>\n<p style=\"text-align: justify;\">Desta forma, a <strong>Profa. Ma. Maria L\u00facia Tiveron Rodrigues<\/strong>, docente do curso de Farm\u00e1cia afirma: \u201cFalar sobre o curso de Farm\u00e1cia \u00e9 f\u00e1cil porque a inova\u00e7\u00e3o, comprometimento \u00e9 a marca registrada do curso. S\u00e3o 18 anos de dedica\u00e7\u00e3o, responsabilidade e amor pela doc\u00eancia. Ser professor vai al\u00e9m de transmitir conhecimento, \u00e9 mostrar uma caminhada nova e repleta de descobertas. A esse amor \u00e9 somado minha devo\u00e7\u00e3o \u00e0 farm\u00e1cia. Durante anos fui a respons\u00e1vel t\u00e9cnica pela farm\u00e1cia hospitalar da Santa Casa de Miseric\u00f3rdia de Adamantina como tamb\u00e9m atuei em Farm\u00e1cia Comercial. Isso \u00e9 encantador na profiss\u00e3o farmac\u00eautica, o amplo leque de op\u00e7\u00f5es.\u201d<\/p>\n<p style=\"text-align: justify;\">A responsabilidade do (a) Farmac\u00eautico (a) est\u00e1 muito al\u00e9m de simplesmente ser um (a) profissional da \u00e1rea da sa\u00fade, neste contexto, a <strong>profa. Ma. Fernanda Blini Marengo Malheiros<\/strong> destaca, a saber: \u201cO Farmac\u00eautico \u00e9 respons\u00e1vel por fornecer informa\u00e7\u00f5es que promovam o uso correto de medicamentos e os benef\u00edcios na qualidade de vida do paciente melhorando os efeitos terap\u00eauticos e minimizando os efeitos adversos, sendo essencial e indispens\u00e1vel o papel do Farmac\u00eautico na sociedade. O curso de Farm\u00e1cia da Unifai possui excelentes infraestruturas laboratoriais e profissionais farmac\u00eauticos capacitados e especializados na promo\u00e7\u00e3o, prote\u00e7\u00e3o e recupera\u00e7\u00e3o da sa\u00fade.\u201d<\/p>\n<p style=\"text-align: justify;\"><strong>Diplomados pela UniFAI<\/strong><\/p>\n<p style=\"text-align: justify;\">As declara\u00e7\u00f5es daqueles que estiveram cursando Farm\u00e1cia na institui\u00e7\u00e3o e no momento est\u00e3o desenvolvendo atividades no Mercado, tornam-se refer\u00eancias para aqueles (as) que est\u00e3o na fase da escolha deste ou daquele Curso, tamb\u00e9m, para todos (as) os discentes que est\u00e3o na gradua\u00e7\u00e3o de Farm\u00e1cia e preocupados (as) com o depois da formatura.<\/p>\n<p style=\"text-align: justify;\">Neste contexto, o Farmac\u00eautico comercial <strong>Leonardo Alves Sobrinho<\/strong> ressalta que \u201cA Unifai teve grande import\u00e2ncia na minha forma\u00e7\u00e3o acad\u00eamica, contribuiu de forma efetiva desde sua estrutura, qualidade de ensino e professores altamente capacitados. Realizei minha gradua\u00e7\u00e3o em Farm\u00e1cia Generalista e desde ent\u00e3o este curso me abriu as portas para o mercado de trabalho. Tenho satisfa\u00e7\u00e3o em dizer que fui aluno da Unifai.\u201d<\/p>\n<p style=\"text-align: justify;\">Nesta mesma proposta quanto \u00e0 forma\u00e7\u00e3o acad\u00eamica realizada na institui\u00e7\u00e3o, pode-se destacar a declara\u00e7\u00e3o de <strong>Leonardo Rog\u00e9rio Fernandes Maia<\/strong>, Farmac\u00eautico comercial, a saber: \u201csou graduado em Farm\u00e1cia pelo Centro Universit\u00e1rio de Adamantina (UNIFAI). Trabalho na \u00e1rea de farm\u00e1cia h\u00e1 9 anos e escolhi a Unifai, pois sempre fui apaixonado por esse lugar incr\u00edvel desde a primeira vez que conheci a faculdade, ainda crian\u00e7a, junto ao meu pai, que tamb\u00e9m se graduou por aqui.\u201d<\/p>\n<p style=\"text-align: justify;\">Neste cen\u00e1rio familiar para Leonardo, o mesmo registra que \u201cTive a honra de ter alguns dos mesmos mestres que ele, e claro, outros tamb\u00e9m, e digo a voc\u00eas, n\u00e3o tenham d\u00favida de que est\u00e1 no lugar e na profiss\u00e3o certa, um Centro Universit\u00e1rio que abre portas, uma qualidade de ensino e de mestres excepcionais, um curso de amplo campo para o mercado de trabalho e em diferentes \u00e1reas de atua\u00e7\u00e3o para crescer profissionalmente.\u201d<\/p>\n<p style=\"text-align: justify;\">Uma paix\u00e3o que est\u00e1 no sangue deste profissional que valoriza a forma\u00e7\u00e3o acad\u00eamica na perspectiva do mercado no qual est\u00e1 inserido e realizando profissionalmente a escolha, para finalizar: \u201cSempre fui apaixonado pelo ramo de farm\u00e1cia\/drogaria e hoje atualmente fa\u00e7o parte do time de farmac\u00eauticos da Raia Drogasil. Sou eternamente grato a tudo que vivi nestes 5 anos de gradua\u00e7\u00e3o e de todo aprendizado, e hoje posso dizer, orgulho de ser UniFai!\u201d<\/p>\n<p style=\"text-align: justify;\"><strong>A d\u00favida est\u00e1 resolvida<\/strong><\/p>\n<p style=\"text-align: justify;\">Ent\u00e3o, fa\u00e7a voc\u00ea a sua escolha neste momento e venha para o curso de Farm\u00e1cia da UniFAI para que o seu sonho possa ser realizado, tal qual dos dois Leonardos&#8230;<\/p>\n<p><strong>Informa\u00e7\u00f5es:<\/strong> <a href=\"http:\/\/www.unifai.com.br\/vestibular\">www.unifai.com.br\/vestibular<\/a><\/p>\n<p>&nbsp;<\/p>\n<p>&nbsp;<\/p>\n<p>&nbsp;<\/p>\n","protected":false},"excerpt":{"rendered":"<p>S\u00e9rgio Barbosa \/ UniFAI Todos os olhares est\u00e3o voltados para o mesmo lugar em tempo de Pandemia, ou seja, que o mundo possa receber todas as doses de vacinas necess\u00e1rias para que o controle frente ao \u201ccoronav\u00edrus\u201d possa ser efetivado de acordo com as a\u00e7\u00f5es patrocinadas pela \u00e1rea da sa\u00fade. A dedica\u00e7\u00e3o e responsabilidade dos [&hellip;]<\/p>\n","protected":false},"author":1,"featured_media":57950,"comment_status":"closed","ping_status":"open","sticky":false,"template":"","format":"standard","meta":{"footnotes":""},"categories":[122],"tags":[],"class_list":["post-57949","post","type-post","status-publish","format-standard","has-post-thumbnail","hentry","category-saudeeducacaoeconcurso"],"_links":{"self":[{"href":"https:\/\/jorgezanoni.com.br\/2019\/wp-json\/wp\/v2\/posts\/57949","targetHints":{"allow":["GET"]}}],"collection":[{"href":"https:\/\/jorgezanoni.com.br\/2019\/wp-json\/wp\/v2\/posts"}],"about":[{"href":"https:\/\/jorgezanoni.com.br\/2019\/wp-json\/wp\/v2\/types\/post"}],"author":[{"embeddable":true,"href":"https:\/\/jorgezanoni.com.br\/2019\/wp-json\/wp\/v2\/users\/1"}],"replies":[{"embeddable":true,"href":"https:\/\/jorgezanoni.com.br\/2019\/wp-json\/wp\/v2\/comments?post=57949"}],"version-history":[{"count":0,"href":"https:\/\/jorgezanoni.com.br\/2019\/wp-json\/wp\/v2\/posts\/57949\/revisions"}],"wp:featuredmedia":[{"embeddable":true,"href":"https:\/\/jorgezanoni.com.br\/2019\/wp-json\/wp\/v2\/media\/57950"}],"wp:attachment":[{"href":"https:\/\/jorgezanoni.com.br\/2019\/wp-json\/wp\/v2\/media?parent=57949"}],"wp:term":[{"taxonomy":"category","embeddable":true,"href":"https:\/\/jorgezanoni.com.br\/2019\/wp-json\/wp\/v2\/categories?post=57949"},{"taxonomy":"post_tag","embeddable":true,"href":"https:\/\/jorgezanoni.com.br\/2019\/wp-json\/wp\/v2\/tags?post=57949"}],"curies":[{"name":"wp","href":"https:\/\/api.w.org\/{rel}","templated":true}]}}