{"id":57945,"date":"2021-12-23T16:54:25","date_gmt":"2021-12-23T16:54:25","guid":{"rendered":"https:\/\/jorgezanoni.com.br\/2019\/?p=57945"},"modified":"2021-12-23T16:54:25","modified_gmt":"2021-12-23T16:54:25","slug":"natal-e-nostalgia-por-cidinha-pascoaloto","status":"publish","type":"post","link":"https:\/\/jorgezanoni.com.br\/2019\/natal-e-nostalgia-por-cidinha-pascoaloto\/","title":{"rendered":"Natal e nostalgia  (por Cidinha Pascoaloto)"},"content":{"rendered":"<p style=\"text-align: justify;\">Seria muito lindo se o Natal fosse celebrado com a ess\u00eancia da espiritualidade da alma, mas com a globaliza\u00e7\u00e3o veio o consumismo e Natal est\u00e1 transformado em apenas desejos.<\/p>\n<p style=\"text-align: justify;\">As festas natalinas se aproximam e para n\u00f3s crist\u00e3os o Natal \u00e9 uma festa muito importante e especial, pois comemoramos o\u00a0<a href=\"https:\/\/loja.cancaonova.com\/livro-o-nascimento-do-rei\">nascimento<\/a>\u00a0de Jesus! As tradi\u00e7\u00f5es da data se destacam e s\u00e3o marcante, pois o clima natalino envolve as pessoas e magias.<\/p>\n<p style=\"text-align: justify;\">Tudo fica colorido e enche nossos olhos de luzes. Como estrelas no c\u00e9u ajudam a aumentar a positividade. As m\u00fasicas natalinas com suavidade tamb\u00e9m s\u00e3o uma tradi\u00e7\u00e3o antiga que tocam de leve nossa alma e marcam \u00e9poca! E o mundo se enche de magia. Seria completamente perfeito se o verdadeiro sentido fosse tamb\u00e9m amplamente comemorado. O grande clima do Natal \u00e9 de nostalgia e de saudades de reuni\u00f5es de tempos passados. Que o esp\u00edrito do Natal toque como uma brisa o cora\u00e7\u00e3o de quem perdeu entes queridos e que nele que nas\u00e7a esperan\u00e7as e consolo.<\/p>\n<p style=\"text-align: justify;\">\u00a0Faz-se necess\u00e1rio refletir sobre o real significado da data com a sua\u00a0<a href=\"https:\/\/formacao.cancaonova.com\/familia\/\">fam\u00edlia<\/a>, conversar e explicar para as crian\u00e7as que a festa n\u00e3o se resume em dar e ganhar presentes. O ambiente familiar e a conviv\u00eancia estreitam os la\u00e7os amorosos, fortalecem os relacionamentos e despertam os sentimentos.<\/p>\n<p style=\"text-align: justify;\">O encontro das fam\u00edlias no Natal \u00e9 um momento important\u00edssimo pois ali se fortalecem os la\u00e7os fraterno com quem amamos, com as pessoas que fazem parte da nossa hist\u00f3ria de\u00a0<a href=\"https:\/\/loja.cancaonova.com\/livro-o-que-penso-da-vida-do-mundo-e-de-deus\">vida<\/a>. \u00c9 a ocasi\u00e3o que reaviva na fam\u00edlia o sentimento de gratid\u00e3o e alegria, da certeza que renasce a esperan\u00e7a e as for\u00e7as para o novo ano que se aproxima. Essas transforma\u00e7\u00f5es s\u00e3o poss\u00edveis porque estamos em fam\u00edlia! As fam\u00edlias precisam de momentos assim.<\/p>\n<p style=\"text-align: justify;\">\u00a0Falemos de amor de respeito e alegria. Podemos contar hist\u00f3rias da inf\u00e2ncia, das brincadeiras de escola e do futebol na rua. O di\u00e1logo e a roda de conversa acompanhada de comidas saborosas ajudam a estreitar la\u00e7os afetivos.<\/p>\n<p style=\"text-align: justify;\">Eu te desejo um santo e feliz Natal. Que estar em torno do Menino Jesus\u00a0e Sua Sagrada Fam\u00edlia seja um novo recome\u00e7o Feliz Natal!<\/p>\n<p><img loading=\"lazy\" decoding=\"async\" class=\"alignnone size-full wp-image-57946\" src=\"https:\/\/jorgezanoni.com.br\/2019\/wp-content\/uploads\/2021\/12\/Cidinha-Pascoaloto-3.jpg\" alt=\"\" width=\"847\" height=\"1280\" srcset=\"https:\/\/jorgezanoni.com.br\/2019\/wp-content\/uploads\/2021\/12\/Cidinha-Pascoaloto-3.jpg 847w, https:\/\/jorgezanoni.com.br\/2019\/wp-content\/uploads\/2021\/12\/Cidinha-Pascoaloto-3-199x300.jpg 199w, https:\/\/jorgezanoni.com.br\/2019\/wp-content\/uploads\/2021\/12\/Cidinha-Pascoaloto-3-678x1024.jpg 678w, https:\/\/jorgezanoni.com.br\/2019\/wp-content\/uploads\/2021\/12\/Cidinha-Pascoaloto-3-768x1161.jpg 768w, https:\/\/jorgezanoni.com.br\/2019\/wp-content\/uploads\/2021\/12\/Cidinha-Pascoaloto-3-696x1052.jpg 696w, https:\/\/jorgezanoni.com.br\/2019\/wp-content\/uploads\/2021\/12\/Cidinha-Pascoaloto-3-278x420.jpg 278w\" sizes=\"auto, (max-width: 847px) 100vw, 847px\" \/><\/p>\n<p style=\"text-align: justify;\">Cidinha Pascoaloto-Psic\u00f3loga-CRP 06\/158174 Terapia Cognitivo Comportamental (TCC) com foco no Luto, Depress\u00e3o e Ansiedade Atendimento presencial e on-line, contato: (18) 99725-6418<\/p>\n<p>&nbsp;<\/p>\n<p>&nbsp;<\/p>\n","protected":false},"excerpt":{"rendered":"<p>Seria muito lindo se o Natal fosse celebrado com a ess\u00eancia da espiritualidade da alma, mas com a globaliza\u00e7\u00e3o veio o consumismo e Natal est\u00e1 transformado em apenas desejos. As festas natalinas se aproximam e para n\u00f3s crist\u00e3os o Natal \u00e9 uma festa muito importante e especial, pois comemoramos o\u00a0nascimento\u00a0de Jesus! As tradi\u00e7\u00f5es da data [&hellip;]<\/p>\n","protected":false},"author":1,"featured_media":57947,"comment_status":"closed","ping_status":"open","sticky":false,"template":"","format":"standard","meta":{"footnotes":""},"categories":[175],"tags":[],"class_list":["post-57945","post","type-post","status-publish","format-standard","has-post-thumbnail","hentry","category-artigos"],"_links":{"self":[{"href":"https:\/\/jorgezanoni.com.br\/2019\/wp-json\/wp\/v2\/posts\/57945","targetHints":{"allow":["GET"]}}],"collection":[{"href":"https:\/\/jorgezanoni.com.br\/2019\/wp-json\/wp\/v2\/posts"}],"about":[{"href":"https:\/\/jorgezanoni.com.br\/2019\/wp-json\/wp\/v2\/types\/post"}],"author":[{"embeddable":true,"href":"https:\/\/jorgezanoni.com.br\/2019\/wp-json\/wp\/v2\/users\/1"}],"replies":[{"embeddable":true,"href":"https:\/\/jorgezanoni.com.br\/2019\/wp-json\/wp\/v2\/comments?post=57945"}],"version-history":[{"count":0,"href":"https:\/\/jorgezanoni.com.br\/2019\/wp-json\/wp\/v2\/posts\/57945\/revisions"}],"wp:featuredmedia":[{"embeddable":true,"href":"https:\/\/jorgezanoni.com.br\/2019\/wp-json\/wp\/v2\/media\/57947"}],"wp:attachment":[{"href":"https:\/\/jorgezanoni.com.br\/2019\/wp-json\/wp\/v2\/media?parent=57945"}],"wp:term":[{"taxonomy":"category","embeddable":true,"href":"https:\/\/jorgezanoni.com.br\/2019\/wp-json\/wp\/v2\/categories?post=57945"},{"taxonomy":"post_tag","embeddable":true,"href":"https:\/\/jorgezanoni.com.br\/2019\/wp-json\/wp\/v2\/tags?post=57945"}],"curies":[{"name":"wp","href":"https:\/\/api.w.org\/{rel}","templated":true}]}}