{"id":57939,"date":"2021-12-23T16:22:55","date_gmt":"2021-12-23T16:22:55","guid":{"rendered":"https:\/\/jorgezanoni.com.br\/2019\/?p=57939"},"modified":"2021-12-23T16:22:55","modified_gmt":"2021-12-23T16:22:55","slug":"policia-civil-participa-de-acao-de-simulado-de-combate-a-incendio-em-dracena","status":"publish","type":"post","link":"https:\/\/jorgezanoni.com.br\/2019\/policia-civil-participa-de-acao-de-simulado-de-combate-a-incendio-em-dracena\/","title":{"rendered":"Pol\u00edcia Civil participa de a\u00e7\u00e3o de simulado de combate a inc\u00eandio em Dracena"},"content":{"rendered":"<p style=\"text-align: justify;\"><strong>O simulado aconteceu no pr\u00e9dio da unidade do Poupatempo de Dracena. O exerc\u00edcio de evacua\u00e7\u00e3o de pr\u00e9dio faz do programa de brigada de inc\u00eandio dos colaboradores.<\/strong><\/p>\n<p style=\"text-align: justify;\">A Pol\u00edcia Civil, por interm\u00e9dio da Delegacia Seccional de Pol\u00edcia de Dracena, integrou nesta quinta-feira (23), de a\u00e7\u00e3o de simulado de combate a inc\u00eandio no pr\u00e9dio do Poupatempo em Dracena.<\/p>\n<p style=\"text-align: justify;\">O exerc\u00edcio faz parte do programa de treinamento dos colaboradores integrantes da brigada de inc\u00eandio do Poupatempo, e contou ainda com a participa\u00e7\u00e3o do Corpo de Bombeiros e da Pol\u00edcia Civil.<\/p>\n<p style=\"text-align: justify;\">Foram tomadas todas providencias operacionais para evitar transtornos aos usu\u00e1rios que estavam no local. O simulado teve participa\u00e7\u00e3o de todos os colaboradores da unidade e cidad\u00e3os presente no momento.<\/p>\n<p style=\"text-align: justify;\">Fonte: Com. Social Pol\u00edcia Civil<\/p>\n","protected":false},"excerpt":{"rendered":"<p>O simulado aconteceu no pr\u00e9dio da unidade do Poupatempo de Dracena. O exerc\u00edcio de evacua\u00e7\u00e3o de pr\u00e9dio faz do programa de brigada de inc\u00eandio dos colaboradores. A Pol\u00edcia Civil, por interm\u00e9dio da Delegacia Seccional de Pol\u00edcia de Dracena, integrou nesta quinta-feira (23), de a\u00e7\u00e3o de simulado de combate a inc\u00eandio no pr\u00e9dio do Poupatempo em [&hellip;]<\/p>\n","protected":false},"author":1,"featured_media":57940,"comment_status":"closed","ping_status":"open","sticky":false,"template":"","format":"standard","meta":{"footnotes":""},"categories":[110,2],"tags":[],"class_list":["post-57939","post","type-post","status-publish","format-standard","has-post-thumbnail","hentry","category-noticiasdestaque","category-policial"],"_links":{"self":[{"href":"https:\/\/jorgezanoni.com.br\/2019\/wp-json\/wp\/v2\/posts\/57939","targetHints":{"allow":["GET"]}}],"collection":[{"href":"https:\/\/jorgezanoni.com.br\/2019\/wp-json\/wp\/v2\/posts"}],"about":[{"href":"https:\/\/jorgezanoni.com.br\/2019\/wp-json\/wp\/v2\/types\/post"}],"author":[{"embeddable":true,"href":"https:\/\/jorgezanoni.com.br\/2019\/wp-json\/wp\/v2\/users\/1"}],"replies":[{"embeddable":true,"href":"https:\/\/jorgezanoni.com.br\/2019\/wp-json\/wp\/v2\/comments?post=57939"}],"version-history":[{"count":0,"href":"https:\/\/jorgezanoni.com.br\/2019\/wp-json\/wp\/v2\/posts\/57939\/revisions"}],"wp:featuredmedia":[{"embeddable":true,"href":"https:\/\/jorgezanoni.com.br\/2019\/wp-json\/wp\/v2\/media\/57940"}],"wp:attachment":[{"href":"https:\/\/jorgezanoni.com.br\/2019\/wp-json\/wp\/v2\/media?parent=57939"}],"wp:term":[{"taxonomy":"category","embeddable":true,"href":"https:\/\/jorgezanoni.com.br\/2019\/wp-json\/wp\/v2\/categories?post=57939"},{"taxonomy":"post_tag","embeddable":true,"href":"https:\/\/jorgezanoni.com.br\/2019\/wp-json\/wp\/v2\/tags?post=57939"}],"curies":[{"name":"wp","href":"https:\/\/api.w.org\/{rel}","templated":true}]}}