{"id":57920,"date":"2021-12-23T00:13:26","date_gmt":"2021-12-23T00:13:26","guid":{"rendered":"https:\/\/jorgezanoni.com.br\/2019\/?p=57920"},"modified":"2021-12-23T00:13:26","modified_gmt":"2021-12-23T00:13:26","slug":"policia-civil-prende-homem-suspeito-por-trafico-de-drogas-em-dracena-2","status":"publish","type":"post","link":"https:\/\/jorgezanoni.com.br\/2019\/policia-civil-prende-homem-suspeito-por-trafico-de-drogas-em-dracena-2\/","title":{"rendered":"Policia Civil prende homem suspeito por tr\u00e1fico de drogas em Dracena"},"content":{"rendered":"<p style=\"text-align: justify;\"><strong>A a\u00e7\u00e3o ocorreu no bairro Jussara. Na resid\u00eancia do acusado a Pol\u00edcia Civil apreendeu v\u00e1rias por\u00e7\u00f5es de maconha, crack, celular e a quantia de cerca R$ 150.<\/strong><\/p>\n<p style=\"text-align: justify;\">A Pol\u00edcia Civil, por interm\u00e9dio das Delegacias Especializadas (DIG e DISE), prendeu em flagrante nesta quarta-feira (22), um homem, de 23 anos, suspeito de praticar tr\u00e1fico de drogas em Dracena.<\/p>\n<p style=\"text-align: justify;\">Em fun\u00e7\u00e3o pr\u00f3pria de pol\u00edcia judici\u00e1ria, policiais civis, cumpriam mandado de busca e apreens\u00e3o domiciliar, em uma resid\u00eancia no bairro Jussara, em Dracena. Sendo que ao perceber a presen\u00e7a policial o propriet\u00e1rio do im\u00f3vel, imediatamente passou a empreender fuga, para tanto, passou a pular muros das casas vizinhas.<\/p>\n<p>O investigado chegou a ingressar em uma resid\u00eancia, onde dispensou quatro pedras de crack, mas a moradora do local come\u00e7ou a gritar, e o homem evadiu-se novamente da casa, pulando outro muro, sendo em seguida detido e contido pelos policiais envolvidos na a\u00e7\u00e3o. No momento, da deten\u00e7\u00e3o o homem prontamente dispensou uma faca no ch\u00e3o.<\/p>\n<p style=\"text-align: justify;\">Na resid\u00eancia do investigado os policiais civis apreenderam um tijolo de maconha, al\u00e9m de por\u00e7\u00f5es menores de drogas, crack, celular e a quantia de cerca de R$ 150. O homem foi preso em flagrante e autuado por tr\u00e1fico de drogas, permanecendo a disposi\u00e7\u00e3o do Poder Judici\u00e1rio. O autuado j\u00e1 possu\u00eda antecedentes criminais pelos crimes de recepta\u00e7\u00e3o e porte de drogas.<\/p>\n<p>Fonte: Com. Social Pol\u00edcia Civil<\/p>\n","protected":false},"excerpt":{"rendered":"<p>A a\u00e7\u00e3o ocorreu no bairro Jussara. Na resid\u00eancia do acusado a Pol\u00edcia Civil apreendeu v\u00e1rias por\u00e7\u00f5es de maconha, crack, celular e a quantia de cerca R$ 150. A Pol\u00edcia Civil, por interm\u00e9dio das Delegacias Especializadas (DIG e DISE), prendeu em flagrante nesta quarta-feira (22), um homem, de 23 anos, suspeito de praticar tr\u00e1fico de drogas [&hellip;]<\/p>\n","protected":false},"author":1,"featured_media":57922,"comment_status":"closed","ping_status":"open","sticky":false,"template":"","format":"standard","meta":{"footnotes":""},"categories":[110,2],"tags":[],"class_list":["post-57920","post","type-post","status-publish","format-standard","has-post-thumbnail","hentry","category-noticiasdestaque","category-policial"],"_links":{"self":[{"href":"https:\/\/jorgezanoni.com.br\/2019\/wp-json\/wp\/v2\/posts\/57920","targetHints":{"allow":["GET"]}}],"collection":[{"href":"https:\/\/jorgezanoni.com.br\/2019\/wp-json\/wp\/v2\/posts"}],"about":[{"href":"https:\/\/jorgezanoni.com.br\/2019\/wp-json\/wp\/v2\/types\/post"}],"author":[{"embeddable":true,"href":"https:\/\/jorgezanoni.com.br\/2019\/wp-json\/wp\/v2\/users\/1"}],"replies":[{"embeddable":true,"href":"https:\/\/jorgezanoni.com.br\/2019\/wp-json\/wp\/v2\/comments?post=57920"}],"version-history":[{"count":0,"href":"https:\/\/jorgezanoni.com.br\/2019\/wp-json\/wp\/v2\/posts\/57920\/revisions"}],"wp:featuredmedia":[{"embeddable":true,"href":"https:\/\/jorgezanoni.com.br\/2019\/wp-json\/wp\/v2\/media\/57922"}],"wp:attachment":[{"href":"https:\/\/jorgezanoni.com.br\/2019\/wp-json\/wp\/v2\/media?parent=57920"}],"wp:term":[{"taxonomy":"category","embeddable":true,"href":"https:\/\/jorgezanoni.com.br\/2019\/wp-json\/wp\/v2\/categories?post=57920"},{"taxonomy":"post_tag","embeddable":true,"href":"https:\/\/jorgezanoni.com.br\/2019\/wp-json\/wp\/v2\/tags?post=57920"}],"curies":[{"name":"wp","href":"https:\/\/api.w.org\/{rel}","templated":true}]}}