{"id":57906,"date":"2021-12-22T13:33:42","date_gmt":"2021-12-22T13:33:42","guid":{"rendered":"https:\/\/jorgezanoni.com.br\/2019\/?p=57906"},"modified":"2021-12-22T13:33:42","modified_gmt":"2021-12-22T13:33:42","slug":"acima-de-tudo-e-de-todos-as-por-sergio-barbosa","status":"publish","type":"post","link":"https:\/\/jorgezanoni.com.br\/2019\/acima-de-tudo-e-de-todos-as-por-sergio-barbosa\/","title":{"rendered":"Acima de tudo e de todos\/as&#8230; (por S\u00e9rgio Barbosa)"},"content":{"rendered":"<p style=\"text-align: justify;\"><strong>Acima de tudo e d<\/strong><strong>e todos\/as&#8230;<\/strong><\/p>\n<p style=\"text-align: justify;\"><em>\u00c0s vezes constru\u00edmos sonhos em cima de grandes pessoas\u2026 O tempo passa\u2026 E descobrimos que grandes mesmo eram os sonhos e as pessoas pequenas demais para torn\u00e1-los reais!\u00a0(Bob Marley)<\/em><\/p>\n<p style=\"text-align: justify;\"><strong>S\u00e9rgio Barbosa (*)<\/strong><\/p>\n<p style=\"text-align: justify;\">Mesmo com mais um ANO NOVO ANO se aproximando neste PA\u00cdS DO FAZ DE CONTA, pode-se escrever que o cen\u00e1rio continua quase o mesmo deste ano que est\u00e1 quase nos finalmentes sem mais e com muito menos, portanto, n\u00e3o se pode ficar sempre na BOCA DE ESPERA neste cen\u00e1rio em tempo de PANDEMIA&#8230;<\/p>\n<p style=\"text-align: justify;\">O ano de 2.021, ainda, continua mais presente do que nunca neste contexto mediado pelas crises patrocinadas pela PANDEMIA em todas as \u00e1reas do MERCADO, ainda, complicando o MEIO DE CAMPO de um TIME que est\u00e1 jogando SEM DEFESA e muito menos com ATAQUE..<\/p>\n<p style=\"text-align: justify;\">As atividades de responsabilidades da \u00e1rea p\u00fablica est\u00e3o em fase de readapta\u00e7\u00e3o sob o comando do denominado GESTOR MUNICIPAL eleito pela maioria dos\/as eleitores\/as, bem como, com apoio da equipe escolhida pra dar suporte aos projetos e tudo mais em meio ao tudo de menos&#8230;<\/p>\n<p style=\"text-align: justify;\">Assim, torna-se necess\u00e1rio estar em conex\u00e3o com as diretrizes dos governos estadual e federal para um olhar al\u00e9m do cotidiano local, por\u00e9m, a proposta deve levar em considera\u00e7\u00e3o que a &#8220;uni\u00e3o&#8221; pode fazer a diferen\u00e7a neste tempo que se chama hoje para a Prov\u00edncia&#8230;<\/p>\n<p style=\"text-align: justify;\">Tamb\u00e9m, n\u00e3o se podem deixar de lado as muitas diferen\u00e7as que existem neste cen\u00e1rio mais &#8220;politiqueiro&#8221; do que pol\u00edtico, haja vista os interesses que est\u00e3o sempre comprometidos pela &#8220;causa pessoal&#8221; deste ou do outro lado neste PA\u00cdS DO FAZ DE CONTA em tempo de MENTES BOVINAS&#8230;<\/p>\n<p style=\"text-align: justify;\">A comunidade n\u00e3o pode ser esquecida de um momento para outro, considerando que os \u00faltimos anos foram complicados em todas as \u00c0REAS DO MERCADO, entretanto, pode-se escrever que nestes tr\u00eas \u00faltimos anos deste DESGOVERNO BOZZONARO com seus COISOS com COISAS, nada de nada se aproveitou para a popula\u00e7\u00e3o&#8230;<\/p>\n<p style=\"text-align: justify;\">Por isso, o atual GESTOR MUNICIPAL e equipe devem estar atentos \u00e0s altera\u00e7\u00f5es do contexto local em tempo de PANDEMIA nas \u00e1reas da sa\u00fade, social, educa\u00e7\u00e3o e econ\u00f4mica, al\u00e9m das outras prioridades que acabam complicando as idas e vindas da comunidade, tais como: pavimenta\u00e7\u00e3o, coleta de lixos, meio ambiente e outros&#8230;<\/p>\n<p style=\"text-align: justify;\">A preocupa\u00e7\u00e3o deve ser ampla, geral e irrestrita, para superar tais desafios na deste PA\u00cdS DO FAZ DE CONTA por meio da contextualiza\u00e7\u00e3o LOCAL, desta forma, os esfor\u00e7os devem atender o mesmo objetivo da ORGANIZA\u00c7\u00c3O P\u00daBLICA, portanto, estar em sintonia interna pode evitar os desencontros externos&#8230;<\/p>\n<p style=\"text-align: justify;\">Nestas propostas descritas por meio da denominada &#8220;teoria&#8221; que apresenta algumas considera\u00e7\u00f5es apoiadas e mediadas pela M\u00cdDIA ORGANIZACIONAL, pode colaborar desde que haja interesse do poder p\u00fablico e ponto quase final&#8230;<\/p>\n<p style=\"text-align: justify;\">Afirma o dito popular que &#8220;DE BOAS INTENS\u00c7\u00d5ES O INFERNO EST\u00c1 CHEIO, mesmo assim, entendo que a comunidade provinciana pode fazer a diferen\u00e7a com suas contribui\u00e7\u00f5es em todas as \u00e1reas de atendimento afins aos interesses do poder p\u00fablico&#8230;<\/p>\n<p style=\"text-align: justify;\">Ent\u00e3o, de um jeito ou de outro, todos\/as devem participar deste processo em busca do progresso para a sua COMUNIDADE em tempo de PANDEMIA, bem como, tentando da melhor forma poss\u00edvel acertar os desencontros deste ou do outro lado, pois, DO JEITO QUE EST\u00c1, A COISA (sic) N\u00c3O PODE FICAR, tendo em vista que o objetivo a ser alcan\u00e7ado vai de encontro aos interesses nas \u00e1reas P\u00daBLICA E PRIVADA&#8230;<\/p>\n<p style=\"text-align: justify;\">QUEM SOBREVIVER VAI SABER&#8230;<\/p>\n<p style=\"text-align: justify;\"><strong><em>________________________________<\/em><\/strong><\/p>\n<p style=\"text-align: justify;\"><strong><em>(*) jornalista diplomado, professor universit\u00e1rio, consultor na \u00e1rea de gest\u00e3o em m\u00eddia organizacional e assessor-executivo da asspem-assessoria p\u00fablica e empresarial. Autor do e-book: ADAMANTINA; Novas Perspectivas de Organiza\u00e7\u00f5es Empresariais (acea\/ep\/asspem\/2.021).<\/em><\/strong><\/p>\n<p style=\"text-align: justify;\"><strong><em>e-mail: barbosa.sebar@gmail.com<\/em><\/strong><\/p>\n","protected":false},"excerpt":{"rendered":"<p>Acima de tudo e de todos\/as&#8230; \u00c0s vezes constru\u00edmos sonhos em cima de grandes pessoas\u2026 O tempo passa\u2026 E descobrimos que grandes mesmo eram os sonhos e as pessoas pequenas demais para torn\u00e1-los reais!\u00a0(Bob Marley) S\u00e9rgio Barbosa (*) Mesmo com mais um ANO NOVO ANO se aproximando neste PA\u00cdS DO FAZ DE CONTA, pode-se escrever [&hellip;]<\/p>\n","protected":false},"author":1,"featured_media":57907,"comment_status":"closed","ping_status":"open","sticky":false,"template":"","format":"standard","meta":{"footnotes":""},"categories":[175],"tags":[],"class_list":["post-57906","post","type-post","status-publish","format-standard","has-post-thumbnail","hentry","category-artigos"],"_links":{"self":[{"href":"https:\/\/jorgezanoni.com.br\/2019\/wp-json\/wp\/v2\/posts\/57906","targetHints":{"allow":["GET"]}}],"collection":[{"href":"https:\/\/jorgezanoni.com.br\/2019\/wp-json\/wp\/v2\/posts"}],"about":[{"href":"https:\/\/jorgezanoni.com.br\/2019\/wp-json\/wp\/v2\/types\/post"}],"author":[{"embeddable":true,"href":"https:\/\/jorgezanoni.com.br\/2019\/wp-json\/wp\/v2\/users\/1"}],"replies":[{"embeddable":true,"href":"https:\/\/jorgezanoni.com.br\/2019\/wp-json\/wp\/v2\/comments?post=57906"}],"version-history":[{"count":0,"href":"https:\/\/jorgezanoni.com.br\/2019\/wp-json\/wp\/v2\/posts\/57906\/revisions"}],"wp:featuredmedia":[{"embeddable":true,"href":"https:\/\/jorgezanoni.com.br\/2019\/wp-json\/wp\/v2\/media\/57907"}],"wp:attachment":[{"href":"https:\/\/jorgezanoni.com.br\/2019\/wp-json\/wp\/v2\/media?parent=57906"}],"wp:term":[{"taxonomy":"category","embeddable":true,"href":"https:\/\/jorgezanoni.com.br\/2019\/wp-json\/wp\/v2\/categories?post=57906"},{"taxonomy":"post_tag","embeddable":true,"href":"https:\/\/jorgezanoni.com.br\/2019\/wp-json\/wp\/v2\/tags?post=57906"}],"curies":[{"name":"wp","href":"https:\/\/api.w.org\/{rel}","templated":true}]}}