{"id":57855,"date":"2021-12-21T13:22:11","date_gmt":"2021-12-21T13:22:11","guid":{"rendered":"https:\/\/jorgezanoni.com.br\/2019\/?p=57855"},"modified":"2021-12-21T13:22:11","modified_gmt":"2021-12-21T13:22:11","slug":"joao-greco-recebeu-duas-homenagens-em-2-020","status":"publish","type":"post","link":"https:\/\/jorgezanoni.com.br\/2019\/joao-greco-recebeu-duas-homenagens-em-2-020\/","title":{"rendered":"Jo\u00e3o Greco recebeu duas homenagens em 2.020"},"content":{"rendered":"<p style=\"text-align: justify;\">O ex-vereador Jo\u00e3o Greco recebeu duas significativas homenagens em agosto de 2020. Sua foto foi introduzida na galeria de prefeitos por ter ocupado o cargo de forma interina no in\u00edcio de 1973. Na C\u00e2mara Municipal recebeu o t\u00edtulo de Cidad\u00e3o Honor\u00e1rio de Dracena, atrav\u00e9s de projeto dos vereadores Cl\u00e1udio Jos\u00e9 Pasqualeto e Victor Palhares.<\/p>\n<p style=\"text-align: justify;\">Jo\u00e3o Greco nasceu em It\u00e1polis\/SP e mudou-se para Dracena em 1954, onde fixou resid\u00eancia. Desempenhou atividades na \u00e1rea cont\u00e1bil e educacional, tendo ainda colaborado com diversas entidades e institui\u00e7\u00f5es.<\/p>\n<p style=\"text-align: justify;\">Jo\u00e3o Greco foi vereador da Casa de Leis nas 6\u00aa, 7\u00aa, 10\u00aa e 11\u00aa Legislaturas, exerceu a fun\u00e7\u00e3o de presidente da C\u00e2mara, al\u00e9m de ter ocupado o cargo de prefeito em 1973 (de 31\/01 a 28\/02\/1973), quando nova elei\u00e7\u00e3o para o cargo teve que ser realizada. Sucedeu o prefeito Florindo Tabacchi, que concluiu o mandato e passou o cargo para Oswaldo Paulino dos Santos.<\/p>\n<p style=\"text-align: justify;\">Greco foi candidato a prefeito em 1982. Foi vereador pela \u00faltima vez na d\u00e9cada de 1990. Ainda ocupou cargo na Secretaria de Agricultura do munic\u00edpio.<\/p>\n<p style=\"text-align: justify;\">Cidad\u00e3o atuante, gostava de participar das sess\u00f5es da C\u00e2mara toda semana e fazia quest\u00e3o de comparecer em todas as elei\u00e7\u00f5es, mesmo com idade avan\u00e7ada, como ocorreu no pleito municipal de 2020.<\/p>\n<p style=\"text-align: justify;\">Deixa esposa Dalva, filhos e demais familiares.<\/p>\n<p><img loading=\"lazy\" decoding=\"async\" class=\"alignnone size-full wp-image-57856\" src=\"https:\/\/jorgezanoni.com.br\/2019\/wp-content\/uploads\/2021\/12\/cla.jpg\" alt=\"\" width=\"817\" height=\"960\" srcset=\"https:\/\/jorgezanoni.com.br\/2019\/wp-content\/uploads\/2021\/12\/cla.jpg 817w, https:\/\/jorgezanoni.com.br\/2019\/wp-content\/uploads\/2021\/12\/cla-255x300.jpg 255w, https:\/\/jorgezanoni.com.br\/2019\/wp-content\/uploads\/2021\/12\/cla-768x902.jpg 768w, https:\/\/jorgezanoni.com.br\/2019\/wp-content\/uploads\/2021\/12\/cla-696x818.jpg 696w, https:\/\/jorgezanoni.com.br\/2019\/wp-content\/uploads\/2021\/12\/cla-357x420.jpg 357w\" sizes=\"auto, (max-width: 817px) 100vw, 817px\" \/> <img loading=\"lazy\" decoding=\"async\" class=\"alignnone size-full wp-image-57857\" src=\"https:\/\/jorgezanoni.com.br\/2019\/wp-content\/uploads\/2021\/12\/cla1.jpg\" alt=\"\" width=\"908\" height=\"558\" srcset=\"https:\/\/jorgezanoni.com.br\/2019\/wp-content\/uploads\/2021\/12\/cla1.jpg 908w, https:\/\/jorgezanoni.com.br\/2019\/wp-content\/uploads\/2021\/12\/cla1-300x184.jpg 300w, https:\/\/jorgezanoni.com.br\/2019\/wp-content\/uploads\/2021\/12\/cla1-768x472.jpg 768w, https:\/\/jorgezanoni.com.br\/2019\/wp-content\/uploads\/2021\/12\/cla1-356x220.jpg 356w, https:\/\/jorgezanoni.com.br\/2019\/wp-content\/uploads\/2021\/12\/cla1-696x428.jpg 696w, https:\/\/jorgezanoni.com.br\/2019\/wp-content\/uploads\/2021\/12\/cla1-683x420.jpg 683w\" sizes=\"auto, (max-width: 908px) 100vw, 908px\" \/> <img loading=\"lazy\" decoding=\"async\" class=\"alignnone size-full wp-image-57859\" src=\"https:\/\/jorgezanoni.com.br\/2019\/wp-content\/uploads\/2021\/12\/cla3.jpg\" alt=\"\" width=\"528\" height=\"485\" srcset=\"https:\/\/jorgezanoni.com.br\/2019\/wp-content\/uploads\/2021\/12\/cla3.jpg 528w, https:\/\/jorgezanoni.com.br\/2019\/wp-content\/uploads\/2021\/12\/cla3-300x276.jpg 300w, https:\/\/jorgezanoni.com.br\/2019\/wp-content\/uploads\/2021\/12\/cla3-457x420.jpg 457w\" sizes=\"auto, (max-width: 528px) 100vw, 528px\" \/> <img loading=\"lazy\" decoding=\"async\" class=\"alignnone size-full wp-image-57860\" src=\"https:\/\/jorgezanoni.com.br\/2019\/wp-content\/uploads\/2021\/12\/cla4.jpg\" alt=\"\" width=\"673\" height=\"400\" srcset=\"https:\/\/jorgezanoni.com.br\/2019\/wp-content\/uploads\/2021\/12\/cla4.jpg 673w, https:\/\/jorgezanoni.com.br\/2019\/wp-content\/uploads\/2021\/12\/cla4-300x178.jpg 300w\" sizes=\"auto, (max-width: 673px) 100vw, 673px\" \/> <img loading=\"lazy\" decoding=\"async\" class=\"alignnone size-full wp-image-57861\" src=\"https:\/\/jorgezanoni.com.br\/2019\/wp-content\/uploads\/2021\/12\/cla5.jpg\" alt=\"\" width=\"768\" height=\"960\" srcset=\"https:\/\/jorgezanoni.com.br\/2019\/wp-content\/uploads\/2021\/12\/cla5.jpg 768w, https:\/\/jorgezanoni.com.br\/2019\/wp-content\/uploads\/2021\/12\/cla5-240x300.jpg 240w, https:\/\/jorgezanoni.com.br\/2019\/wp-content\/uploads\/2021\/12\/cla5-696x870.jpg 696w, https:\/\/jorgezanoni.com.br\/2019\/wp-content\/uploads\/2021\/12\/cla5-336x420.jpg 336w\" sizes=\"auto, (max-width: 768px) 100vw, 768px\" \/> <img loading=\"lazy\" decoding=\"async\" class=\"alignnone size-full wp-image-57862\" src=\"https:\/\/jorgezanoni.com.br\/2019\/wp-content\/uploads\/2021\/12\/cla6.jpg\" alt=\"\" width=\"940\" height=\"788\" srcset=\"https:\/\/jorgezanoni.com.br\/2019\/wp-content\/uploads\/2021\/12\/cla6.jpg 940w, https:\/\/jorgezanoni.com.br\/2019\/wp-content\/uploads\/2021\/12\/cla6-300x251.jpg 300w, https:\/\/jorgezanoni.com.br\/2019\/wp-content\/uploads\/2021\/12\/cla6-768x644.jpg 768w, https:\/\/jorgezanoni.com.br\/2019\/wp-content\/uploads\/2021\/12\/cla6-696x583.jpg 696w, https:\/\/jorgezanoni.com.br\/2019\/wp-content\/uploads\/2021\/12\/cla6-501x420.jpg 501w\" sizes=\"auto, (max-width: 940px) 100vw, 940px\" \/><\/p>\n<p style=\"text-align: justify;\">Fonte: Bastidores da Not\u00edcia<\/p>\n<p>Comp. Jorge Zanoni<\/p>\n","protected":false},"excerpt":{"rendered":"<p>O ex-vereador Jo\u00e3o Greco recebeu duas significativas homenagens em agosto de 2020. Sua foto foi introduzida na galeria de prefeitos por ter ocupado o cargo de forma interina no in\u00edcio de 1973. Na C\u00e2mara Municipal recebeu o t\u00edtulo de Cidad\u00e3o Honor\u00e1rio de Dracena, atrav\u00e9s de projeto dos vereadores Cl\u00e1udio Jos\u00e9 Pasqualeto e Victor Palhares. Jo\u00e3o [&hellip;]<\/p>\n","protected":false},"author":1,"featured_media":57858,"comment_status":"closed","ping_status":"open","sticky":false,"template":"","format":"standard","meta":{"footnotes":""},"categories":[110,116],"tags":[],"class_list":["post-57855","post","type-post","status-publish","format-standard","has-post-thumbnail","hentry","category-noticiasdestaque","category-politicaeeconomia"],"_links":{"self":[{"href":"https:\/\/jorgezanoni.com.br\/2019\/wp-json\/wp\/v2\/posts\/57855","targetHints":{"allow":["GET"]}}],"collection":[{"href":"https:\/\/jorgezanoni.com.br\/2019\/wp-json\/wp\/v2\/posts"}],"about":[{"href":"https:\/\/jorgezanoni.com.br\/2019\/wp-json\/wp\/v2\/types\/post"}],"author":[{"embeddable":true,"href":"https:\/\/jorgezanoni.com.br\/2019\/wp-json\/wp\/v2\/users\/1"}],"replies":[{"embeddable":true,"href":"https:\/\/jorgezanoni.com.br\/2019\/wp-json\/wp\/v2\/comments?post=57855"}],"version-history":[{"count":0,"href":"https:\/\/jorgezanoni.com.br\/2019\/wp-json\/wp\/v2\/posts\/57855\/revisions"}],"wp:featuredmedia":[{"embeddable":true,"href":"https:\/\/jorgezanoni.com.br\/2019\/wp-json\/wp\/v2\/media\/57858"}],"wp:attachment":[{"href":"https:\/\/jorgezanoni.com.br\/2019\/wp-json\/wp\/v2\/media?parent=57855"}],"wp:term":[{"taxonomy":"category","embeddable":true,"href":"https:\/\/jorgezanoni.com.br\/2019\/wp-json\/wp\/v2\/categories?post=57855"},{"taxonomy":"post_tag","embeddable":true,"href":"https:\/\/jorgezanoni.com.br\/2019\/wp-json\/wp\/v2\/tags?post=57855"}],"curies":[{"name":"wp","href":"https:\/\/api.w.org\/{rel}","templated":true}]}}