{"id":57851,"date":"2021-12-21T12:54:13","date_gmt":"2021-12-21T12:54:13","guid":{"rendered":"https:\/\/jorgezanoni.com.br\/2019\/?p=57851"},"modified":"2021-12-21T12:54:13","modified_gmt":"2021-12-21T12:54:13","slug":"prefeito-andre-lemos-decreta-luto-oficial-pelo-falecimento-do-ex-vereador-joao-greco","status":"publish","type":"post","link":"https:\/\/jorgezanoni.com.br\/2019\/prefeito-andre-lemos-decreta-luto-oficial-pelo-falecimento-do-ex-vereador-joao-greco\/","title":{"rendered":"Prefeito Andr\u00e9 Lemos decreta Luto Oficial pelo falecimento do ex-vereador Jo\u00e3o Greco"},"content":{"rendered":"<p style=\"text-align: justify;\">O prefeito Andr\u00e9 Lemos declarou luto oficial no munic\u00edpio durante tr\u00eas dias, pelo falecimento do sr. Jo\u00e3o Greco, que foi vereador em Dracena durante a 1\u00aa, 6\u00aa, 7\u00aa e 10\u00aa Legislatura, presidente da C\u00e2mara entre 01.02.1973 a 31.01.1975 e prefeito interino no per\u00edodo de 31.01.1973 a 01.03.1973.<br \/>\nO corpo ser\u00e1 velado a partir das 10h, desta ter\u00e7a-feira, 21, no Memorial Vida Prev (sala vip). O sepultamento \u00e0s 16h, cemit\u00e9rio municipal.<br \/>\nDeixa a esposa Dalva, filhos e demais familiares.<\/p>\n<p><img loading=\"lazy\" decoding=\"async\" class=\"alignnone size-full wp-image-57853\" src=\"https:\/\/jorgezanoni.com.br\/2019\/wp-content\/uploads\/2021\/12\/joao1.jpg\" alt=\"\" width=\"800\" height=\"670\" srcset=\"https:\/\/jorgezanoni.com.br\/2019\/wp-content\/uploads\/2021\/12\/joao1.jpg 800w, https:\/\/jorgezanoni.com.br\/2019\/wp-content\/uploads\/2021\/12\/joao1-300x251.jpg 300w, https:\/\/jorgezanoni.com.br\/2019\/wp-content\/uploads\/2021\/12\/joao1-768x643.jpg 768w, https:\/\/jorgezanoni.com.br\/2019\/wp-content\/uploads\/2021\/12\/joao1-696x583.jpg 696w, https:\/\/jorgezanoni.com.br\/2019\/wp-content\/uploads\/2021\/12\/joao1-501x420.jpg 501w\" sizes=\"auto, (max-width: 800px) 100vw, 800px\" \/><\/p>\n<p style=\"text-align: justify;\">Fonte: Diretoria de Comunica\u00e7\u00e3o<\/p>\n","protected":false},"excerpt":{"rendered":"<p>O prefeito Andr\u00e9 Lemos declarou luto oficial no munic\u00edpio durante tr\u00eas dias, pelo falecimento do sr. Jo\u00e3o Greco, que foi vereador em Dracena durante a 1\u00aa, 6\u00aa, 7\u00aa e 10\u00aa Legislatura, presidente da C\u00e2mara entre 01.02.1973 a 31.01.1975 e prefeito interino no per\u00edodo de 31.01.1973 a 01.03.1973. O corpo ser\u00e1 velado a partir das 10h, [&hellip;]<\/p>\n","protected":false},"author":1,"featured_media":57852,"comment_status":"closed","ping_status":"open","sticky":false,"template":"","format":"standard","meta":{"footnotes":""},"categories":[110,116],"tags":[],"class_list":["post-57851","post","type-post","status-publish","format-standard","has-post-thumbnail","hentry","category-noticiasdestaque","category-politicaeeconomia"],"_links":{"self":[{"href":"https:\/\/jorgezanoni.com.br\/2019\/wp-json\/wp\/v2\/posts\/57851","targetHints":{"allow":["GET"]}}],"collection":[{"href":"https:\/\/jorgezanoni.com.br\/2019\/wp-json\/wp\/v2\/posts"}],"about":[{"href":"https:\/\/jorgezanoni.com.br\/2019\/wp-json\/wp\/v2\/types\/post"}],"author":[{"embeddable":true,"href":"https:\/\/jorgezanoni.com.br\/2019\/wp-json\/wp\/v2\/users\/1"}],"replies":[{"embeddable":true,"href":"https:\/\/jorgezanoni.com.br\/2019\/wp-json\/wp\/v2\/comments?post=57851"}],"version-history":[{"count":0,"href":"https:\/\/jorgezanoni.com.br\/2019\/wp-json\/wp\/v2\/posts\/57851\/revisions"}],"wp:featuredmedia":[{"embeddable":true,"href":"https:\/\/jorgezanoni.com.br\/2019\/wp-json\/wp\/v2\/media\/57852"}],"wp:attachment":[{"href":"https:\/\/jorgezanoni.com.br\/2019\/wp-json\/wp\/v2\/media?parent=57851"}],"wp:term":[{"taxonomy":"category","embeddable":true,"href":"https:\/\/jorgezanoni.com.br\/2019\/wp-json\/wp\/v2\/categories?post=57851"},{"taxonomy":"post_tag","embeddable":true,"href":"https:\/\/jorgezanoni.com.br\/2019\/wp-json\/wp\/v2\/tags?post=57851"}],"curies":[{"name":"wp","href":"https:\/\/api.w.org\/{rel}","templated":true}]}}