{"id":57792,"date":"2021-12-20T03:57:35","date_gmt":"2021-12-20T03:57:35","guid":{"rendered":"https:\/\/jorgezanoni.com.br\/2019\/?p=57792"},"modified":"2021-12-20T13:22:23","modified_gmt":"2021-12-20T13:22:23","slug":"morador-de-dracena-morre-em-acidente-na-vicinal-de-oasis","status":"publish","type":"post","link":"https:\/\/jorgezanoni.com.br\/2019\/morador-de-dracena-morre-em-acidente-na-vicinal-de-oasis\/","title":{"rendered":"Morador de Dracena morre em acidente na Vicinal de O\u00e1sis"},"content":{"rendered":"<p style=\"text-align: justify;\"><strong>Acidente aconteceu na Vicinal Luiz de Pieri, Km. 08 no Bairro O\u00e1sis, munic\u00edpio de Tupi Paulista.<\/strong><\/p>\n<p style=\"text-align: justify;\">O.A. de S. de 52 anos morador em Dracena, foi v\u00edtima fatal de acidente registrado na noite deste domingo. Ele conduzia uma Motocicleta CBX 200 Strada, que colidiu com um ve\u00edculo Corsa.<\/p>\n<p style=\"text-align: justify;\">Segundo informa\u00e7\u00f5es o motorista do ve\u00edculo n\u00e3o se feriu.<\/p>\n<p style=\"text-align: justify;\">Oscar era Vigilante Banc\u00e1rio em ag\u00eancia de Dracena.<\/p>\n<p>Jorge Zanoni<\/p>\n<p>Foto redes sociais<\/p>\n<p style=\"text-align: justify;\"><strong>POL\u00cdCIA MILITAR PRENDE HOMEM POR EMBRIAGUEZ AO VOLANTE AP\u00d3S ACIDENTE COM V\u00cdTIMA FATAL.<\/strong><\/p>\n<p style=\"text-align: justify;\">Na noite de ontem (19), por volta das 20:40 HRS, a unidade de servi\u00e7o da Pol\u00edcia Militar de Tupi Paulista foi solicitada via Copom para atendimento de ocorr\u00eancia de acidente de tr\u00e2nsito com v\u00edtima pela Vicinal Luiz de Pieri, Bairro O\u00e1sis \u2013 Tupi Paulista\/SP. No local do fato, os policiais militares constataram que a v\u00edtima (homem, 52 anos), condutor da motocicleta &#8211; Honda\/CBX 200 Strada, havia sido socorrida ao Pronto Socorro do munic\u00edpio de Dracena, a princ\u00edpio, em estado grav\u00edssimo. O condutor (homem, 59 anos) do ve\u00edculo GM\/Classic Life, relatou que transitava pela Vicinal Luiz de Pieri no sentido Dracena -Tupi Paulista\/SP, quando em uma curva, a motocicleta, que trafegava no sentido oposto, invadiu a pista contr\u00e1ria, colidindo frontalmente contra o corsa. A motocicleta Honda\/CBX 200 Strada encontrava-se ca\u00edda na lateral esquerda ao solo, na faixa contr\u00e1ria \u00e0 dire\u00e7\u00e3o que seguia e o ve\u00edculo GM corsa na sua m\u00e3o de dire\u00e7\u00e3o, um pouco \u00e0 frente. O condutor do GM Corsa, apresentava odor et\u00edlico e olhos avermelhados, al\u00e9m de confirmar que havia ingerido 02 (duas) latinhas de cerveja. Segundo o m\u00e9dico de plant\u00e3o, a v\u00edtima j\u00e1 chegou em \u00f3bito causado por poli traumatismo craniano. Diante dos fatos o indiv\u00edduo foi preso em flagrante delito por embriaguez ao volante e conduzido ao Plant\u00e3o de Pol\u00edcia Judici\u00e1ria sendo liberado ap\u00f3s pagamento de fian\u00e7a.<\/p>\n<p><img loading=\"lazy\" decoding=\"async\" class=\"alignnone size-full wp-image-57815\" src=\"https:\/\/jorgezanoni.com.br\/2019\/wp-content\/uploads\/2021\/12\/carro.jpg\" alt=\"\" width=\"1012\" height=\"663\" srcset=\"https:\/\/jorgezanoni.com.br\/2019\/wp-content\/uploads\/2021\/12\/carro.jpg 1012w, https:\/\/jorgezanoni.com.br\/2019\/wp-content\/uploads\/2021\/12\/carro-300x197.jpg 300w, https:\/\/jorgezanoni.com.br\/2019\/wp-content\/uploads\/2021\/12\/carro-768x503.jpg 768w, https:\/\/jorgezanoni.com.br\/2019\/wp-content\/uploads\/2021\/12\/carro-696x456.jpg 696w, https:\/\/jorgezanoni.com.br\/2019\/wp-content\/uploads\/2021\/12\/carro-741x486.jpg 741w, https:\/\/jorgezanoni.com.br\/2019\/wp-content\/uploads\/2021\/12\/carro-641x420.jpg 641w\" sizes=\"auto, (max-width: 1012px) 100vw, 1012px\" \/><br \/>\n#25BPMI4CIAPM<br \/>\n#POL\u00cdCIAMILITARSP<br \/>\n#AFOR\u00c7APUBLICADES\u00c3OPAULO<br \/>\nCOMUNICA\u00c7\u00c3O SOCIAL DO 25\u00ba BPM\/I E REGI\u00c3O<\/p>\n<p style=\"text-align: justify;\">\n","protected":false},"excerpt":{"rendered":"<p>Acidente aconteceu na Vicinal Luiz de Pieri, Km. 08 no Bairro O\u00e1sis, munic\u00edpio de Tupi Paulista. O.A. de S. de 52 anos morador em Dracena, foi v\u00edtima fatal de acidente registrado na noite deste domingo. Ele conduzia uma Motocicleta CBX 200 Strada, que colidiu com um ve\u00edculo Corsa. Segundo informa\u00e7\u00f5es o motorista do ve\u00edculo n\u00e3o [&hellip;]<\/p>\n","protected":false},"author":1,"featured_media":57793,"comment_status":"closed","ping_status":"open","sticky":false,"template":"","format":"standard","meta":{"footnotes":""},"categories":[170,110],"tags":[],"class_list":["post-57792","post","type-post","status-publish","format-standard","has-post-thumbnail","hentry","category-acidentes","category-noticiasdestaque"],"_links":{"self":[{"href":"https:\/\/jorgezanoni.com.br\/2019\/wp-json\/wp\/v2\/posts\/57792","targetHints":{"allow":["GET"]}}],"collection":[{"href":"https:\/\/jorgezanoni.com.br\/2019\/wp-json\/wp\/v2\/posts"}],"about":[{"href":"https:\/\/jorgezanoni.com.br\/2019\/wp-json\/wp\/v2\/types\/post"}],"author":[{"embeddable":true,"href":"https:\/\/jorgezanoni.com.br\/2019\/wp-json\/wp\/v2\/users\/1"}],"replies":[{"embeddable":true,"href":"https:\/\/jorgezanoni.com.br\/2019\/wp-json\/wp\/v2\/comments?post=57792"}],"version-history":[{"count":0,"href":"https:\/\/jorgezanoni.com.br\/2019\/wp-json\/wp\/v2\/posts\/57792\/revisions"}],"wp:featuredmedia":[{"embeddable":true,"href":"https:\/\/jorgezanoni.com.br\/2019\/wp-json\/wp\/v2\/media\/57793"}],"wp:attachment":[{"href":"https:\/\/jorgezanoni.com.br\/2019\/wp-json\/wp\/v2\/media?parent=57792"}],"wp:term":[{"taxonomy":"category","embeddable":true,"href":"https:\/\/jorgezanoni.com.br\/2019\/wp-json\/wp\/v2\/categories?post=57792"},{"taxonomy":"post_tag","embeddable":true,"href":"https:\/\/jorgezanoni.com.br\/2019\/wp-json\/wp\/v2\/tags?post=57792"}],"curies":[{"name":"wp","href":"https:\/\/api.w.org\/{rel}","templated":true}]}}