{"id":57786,"date":"2021-12-19T21:30:07","date_gmt":"2021-12-19T21:30:07","guid":{"rendered":"https:\/\/jorgezanoni.com.br\/2019\/?p=57786"},"modified":"2021-12-19T21:30:07","modified_gmt":"2021-12-19T21:30:07","slug":"farmacia-na-unifai-qualificacao-academica-em-diversas-areas","status":"publish","type":"post","link":"https:\/\/jorgezanoni.com.br\/2019\/farmacia-na-unifai-qualificacao-academica-em-diversas-areas\/","title":{"rendered":"Farm\u00e1cia na UniFAI: Qualifica\u00e7\u00e3o acad\u00eamica em diversas \u00e1reas!"},"content":{"rendered":"<p><strong>S\u00e9rgio Barbosa \/ UniFAI <\/strong><\/p>\n<p style=\"text-align: justify;\">Em tempo de Pandemia com o \u201cCorona v\u00edrus\u201d, ainda, em meio a tantas outras epidemias que est\u00e3o nos quatro cantos do Planeta Terra, ainda, agora, o v\u00edrus da \u201cgripe\u201d que est\u00e1 de volta para muitos desencontros com a sa\u00fade do (a) brasileiro (a).<\/p>\n<p style=\"text-align: justify;\">Desta forma, torna-se necess\u00e1rio que o (a) profissional (a) que desenvolve atividades na \u00e1rea da sa\u00fade possa estar constantemente em conex\u00e3o com o inusitado, isso sem registrar que o \u201cperigo\u201d \u00e9 mais do que uma constante neste caminho em busca da recupera\u00e7\u00e3o do (a) paciente.<\/p>\n<p style=\"text-align: justify;\"><strong>Novos f\u00e1rmacos e vacinas<\/strong><\/p>\n<p style=\"text-align: justify;\">Por\u00e9m, como sempre, existem diversos cursos de gradua\u00e7\u00e3o que possibilitam uma aproxima\u00e7\u00e3o que est\u00e1 al\u00e9m da vis\u00e3o comunit\u00e1ria, ou seja, deve-se considerar a forma\u00e7\u00e3o acad\u00eamica focada no compromisso social frente \u00e0s necessidades mercadol\u00f3gicas.<\/p>\n<p style=\"text-align: justify;\">Neste paradigma que continua mais atual do que nunca em todas as \u00e1reas, a <strong>profa. Dra. Dalva Pazzini Grion<\/strong>, docente do curso de Farm\u00e1cia da UniFAI afirma: \u201dvejo a import\u00e2ncia cada vez maior do papel do farmac\u00eautico na sociedade. O envelhecimento populacional (idosos tendem a desenvolver doen\u00e7as cr\u00f4nicas que necessitam de tratamentos cont\u00ednuos e de aten\u00e7\u00e3o farmac\u00eautica) e o surgimento de novas doen\u00e7as em que h\u00e1 necessidade urgente de pesquisas para o desenvolvimento de novos f\u00e1rmacos e vacinas, faz com que o curso de Farm\u00e1cia esteja entre as tend\u00eancias de mercado de trabalho futuro.\u201d<\/p>\n<p style=\"text-align: justify;\"><strong>Qualifica\u00e7\u00e3o acad\u00eamica e mercado<\/strong><\/p>\n<p style=\"text-align: justify;\">Durante o per\u00edodo de forma\u00e7\u00e3o na gradua\u00e7\u00e3o em Farm\u00e1cia, o (a) universit\u00e1rio (a) desenvolve diversas possibilidades por meio das aulas te\u00f3ricas, todavia, focando sempre as alternativas mediadas pelas pr\u00e1ticas de laborat\u00f3rio com a supervis\u00e3o dos (as) docentes respons\u00e1veis pelos experimentos.<\/p>\n<p style=\"text-align: justify;\">N\u00e3o se pode deixar de lado que o Mercado de atua\u00e7\u00e3o do futuro (a) Farmac\u00eautico (a) exige qualifica\u00e7\u00e3o de acordo com as necessidades que envolvem o (a) profissional.<\/p>\n<p style=\"text-align: justify;\">De acordo com a <strong>profa. Dalva<\/strong>, \u201cExiste uma grande demanda de profissionais capacitados tanto em farm\u00e1cia cl\u00ednica quanto na \u00e1rea industrial e avan\u00e7os tecnol\u00f3gicos.\u201d<\/p>\n<p style=\"text-align: justify;\">Nesta proposta, continua afirmando que, \u201cDurante o curso de Farm\u00e1cia da Unifai, nossos alunos s\u00e3o qualificados para as diversas \u00e1reas de atua\u00e7\u00e3o tendo suas habilidades desenvolvidas em raz\u00e3o do competente corpo docente (mestres e doutores), da estrutura acad\u00eamica da Institui\u00e7\u00e3o, dos est\u00e1gios supervisionados (por Farmac\u00eauticos com longa experi\u00eancia profissional) e dos projetos de extens\u00e3o \u00e0 comunidade.\u201d<\/p>\n<p style=\"text-align: justify;\">Fa\u00e7a a sua escolha pelo curso de Farm\u00e1cia da UniFAI e venha participar deste universo de conhecimentos te\u00f3ricos para estar em condi\u00e7\u00f5es de desenvolver a profiss\u00e3o escolhida, ainda, com seguran\u00e7a e a certeza de estar preparado (a) para este desafio que est\u00e3o muito al\u00e9m da profissionaliza\u00e7\u00e3o do Mercado.<\/p>\n<p style=\"text-align: justify;\"><strong>Informa\u00e7\u00f5es:<\/strong> <a href=\"http:\/\/www.unifai.com.br\/vestibular\">www.unifai.com.br\/vestibular<\/a><\/p>\n<p style=\"text-align: justify;\">Foto: Profa. Dra. Dalva Pazzini Grion, docente do curso de Farm\u00e1cia da UniFAI.<\/p>\n<div><\/div>\n","protected":false},"excerpt":{"rendered":"<p>S\u00e9rgio Barbosa \/ UniFAI Em tempo de Pandemia com o \u201cCorona v\u00edrus\u201d, ainda, em meio a tantas outras epidemias que est\u00e3o nos quatro cantos do Planeta Terra, ainda, agora, o v\u00edrus da \u201cgripe\u201d que est\u00e1 de volta para muitos desencontros com a sa\u00fade do (a) brasileiro (a). Desta forma, torna-se necess\u00e1rio que o (a) profissional [&hellip;]<\/p>\n","protected":false},"author":1,"featured_media":57787,"comment_status":"closed","ping_status":"open","sticky":false,"template":"","format":"standard","meta":{"footnotes":""},"categories":[122],"tags":[],"class_list":["post-57786","post","type-post","status-publish","format-standard","has-post-thumbnail","hentry","category-saudeeducacaoeconcurso"],"_links":{"self":[{"href":"https:\/\/jorgezanoni.com.br\/2019\/wp-json\/wp\/v2\/posts\/57786","targetHints":{"allow":["GET"]}}],"collection":[{"href":"https:\/\/jorgezanoni.com.br\/2019\/wp-json\/wp\/v2\/posts"}],"about":[{"href":"https:\/\/jorgezanoni.com.br\/2019\/wp-json\/wp\/v2\/types\/post"}],"author":[{"embeddable":true,"href":"https:\/\/jorgezanoni.com.br\/2019\/wp-json\/wp\/v2\/users\/1"}],"replies":[{"embeddable":true,"href":"https:\/\/jorgezanoni.com.br\/2019\/wp-json\/wp\/v2\/comments?post=57786"}],"version-history":[{"count":0,"href":"https:\/\/jorgezanoni.com.br\/2019\/wp-json\/wp\/v2\/posts\/57786\/revisions"}],"wp:featuredmedia":[{"embeddable":true,"href":"https:\/\/jorgezanoni.com.br\/2019\/wp-json\/wp\/v2\/media\/57787"}],"wp:attachment":[{"href":"https:\/\/jorgezanoni.com.br\/2019\/wp-json\/wp\/v2\/media?parent=57786"}],"wp:term":[{"taxonomy":"category","embeddable":true,"href":"https:\/\/jorgezanoni.com.br\/2019\/wp-json\/wp\/v2\/categories?post=57786"},{"taxonomy":"post_tag","embeddable":true,"href":"https:\/\/jorgezanoni.com.br\/2019\/wp-json\/wp\/v2\/tags?post=57786"}],"curies":[{"name":"wp","href":"https:\/\/api.w.org\/{rel}","templated":true}]}}