{"id":57783,"date":"2021-12-19T21:12:12","date_gmt":"2021-12-19T21:12:12","guid":{"rendered":"https:\/\/jorgezanoni.com.br\/2019\/?p=57783"},"modified":"2021-12-19T21:12:12","modified_gmt":"2021-12-19T21:12:12","slug":"fundec-abre-processo-seletivo-para-contratacoes-temporarias","status":"publish","type":"post","link":"https:\/\/jorgezanoni.com.br\/2019\/fundec-abre-processo-seletivo-para-contratacoes-temporarias\/","title":{"rendered":"Fundec abre processo seletivo para contrata\u00e7\u00f5es tempor\u00e1rias"},"content":{"rendered":"<p style=\"text-align: justify;\"><span style=\"font-size: large;\">A Funda\u00e7\u00e3o Dracenense de Educa\u00e7\u00e3o e Cultura (Fundec) est\u00e1 contratando para vagas de doc\u00eancia e supervis\u00e3o de est\u00e1gio e abriu inscri\u00e7\u00f5es para o Processo Seletivo 03\/2021. O edital est\u00e1 dispon\u00edvel no link <a href=\"https:\/\/fundec.edu.br\/editais\" target=\"_blank\" rel=\"noopener noreferrer\">https:\/\/fundec.edu.br\/editais<\/a>\u00a0e os interessados devem acessar o bot\u00e3o &#8220;Portal de Inscri\u00e7\u00f5es&#8221; para se candidatar \u00e0s vagas, at\u00e9 o dia 04\/01\/2022.<\/span><\/p>\n<p><span style=\"font-size: large;\">Os cargos de doc\u00eancia s\u00e3o para professores do Ensino Fundamental &#8211; Polivalente (Licenciatura em Pedagogia), do Ensino Fundamental e\u00a0<\/span>M\u00e9dio<span style=\"font-size: large;\">\u00a0&#8211;\u00a0<\/span>L\u00edngua<span style=\"font-size: large;\">\u00a0Inglesa (Licenciatura em Letras com habilita\u00e7\u00e3o em Ingl\u00eas ou Pedagogia com curso de especializa\u00e7\u00e3o em n\u00edvel avan\u00e7ado e profici\u00eancia na l\u00edngua inglesa) e do Ensino Superior &#8211; Medicina (Gradua\u00e7\u00e3o em Medicina com Especializa\u00e7\u00e3o na \u00e1rea ou \u00e1reas afins) e para Supervisor de Est\u00e1gio &#8211; Medicina (Gradua\u00e7\u00e3o em Medicina com Especializa\u00e7\u00e3o na \u00e1rea ou \u00e1reas afins).<\/span><\/p>\n<p><span style=\"font-size: large;\">A prova escrita ser\u00e1 realizada no dia 08\/01\/2022, \u00e0s 14h, na Unifadra. Os candidatos classificados ser\u00e3o convocados para a prova did\u00e1tica pr\u00e1tica.<\/span><\/p>\n<p><span style=\"font-size: large;\">O resultado da prova escrita ser\u00e1 divulgado no dia 12\/01\/2022.<\/span><\/p>\n<p>Fonte: Depto. Comunica\u00e7\u00e3o da Fundec<\/p>\n","protected":false},"excerpt":{"rendered":"<p>A Funda\u00e7\u00e3o Dracenense de Educa\u00e7\u00e3o e Cultura (Fundec) est\u00e1 contratando para vagas de doc\u00eancia e supervis\u00e3o de est\u00e1gio e abriu inscri\u00e7\u00f5es para o Processo Seletivo 03\/2021. O edital est\u00e1 dispon\u00edvel no link https:\/\/fundec.edu.br\/editais\u00a0e os interessados devem acessar o bot\u00e3o &#8220;Portal de Inscri\u00e7\u00f5es&#8221; para se candidatar \u00e0s vagas, at\u00e9 o dia 04\/01\/2022. Os cargos de doc\u00eancia [&hellip;]<\/p>\n","protected":false},"author":1,"featured_media":57784,"comment_status":"closed","ping_status":"open","sticky":false,"template":"","format":"standard","meta":{"footnotes":""},"categories":[110,122],"tags":[],"class_list":["post-57783","post","type-post","status-publish","format-standard","has-post-thumbnail","hentry","category-noticiasdestaque","category-saudeeducacaoeconcurso"],"_links":{"self":[{"href":"https:\/\/jorgezanoni.com.br\/2019\/wp-json\/wp\/v2\/posts\/57783","targetHints":{"allow":["GET"]}}],"collection":[{"href":"https:\/\/jorgezanoni.com.br\/2019\/wp-json\/wp\/v2\/posts"}],"about":[{"href":"https:\/\/jorgezanoni.com.br\/2019\/wp-json\/wp\/v2\/types\/post"}],"author":[{"embeddable":true,"href":"https:\/\/jorgezanoni.com.br\/2019\/wp-json\/wp\/v2\/users\/1"}],"replies":[{"embeddable":true,"href":"https:\/\/jorgezanoni.com.br\/2019\/wp-json\/wp\/v2\/comments?post=57783"}],"version-history":[{"count":0,"href":"https:\/\/jorgezanoni.com.br\/2019\/wp-json\/wp\/v2\/posts\/57783\/revisions"}],"wp:featuredmedia":[{"embeddable":true,"href":"https:\/\/jorgezanoni.com.br\/2019\/wp-json\/wp\/v2\/media\/57784"}],"wp:attachment":[{"href":"https:\/\/jorgezanoni.com.br\/2019\/wp-json\/wp\/v2\/media?parent=57783"}],"wp:term":[{"taxonomy":"category","embeddable":true,"href":"https:\/\/jorgezanoni.com.br\/2019\/wp-json\/wp\/v2\/categories?post=57783"},{"taxonomy":"post_tag","embeddable":true,"href":"https:\/\/jorgezanoni.com.br\/2019\/wp-json\/wp\/v2\/tags?post=57783"}],"curies":[{"name":"wp","href":"https:\/\/api.w.org\/{rel}","templated":true}]}}