{"id":57632,"date":"2021-12-16T17:52:25","date_gmt":"2021-12-16T17:52:25","guid":{"rendered":"https:\/\/jorgezanoni.com.br\/2019\/?p=57632"},"modified":"2021-12-16T17:52:25","modified_gmt":"2021-12-16T17:52:25","slug":"graduado-em-historia-pela-unifai-e-aprovado-no-mestrado-da-unesp","status":"publish","type":"post","link":"https:\/\/jorgezanoni.com.br\/2019\/graduado-em-historia-pela-unifai-e-aprovado-no-mestrado-da-unesp\/","title":{"rendered":"Graduado em Hist\u00f3ria pela UniFAI \u00e9 aprovado no Mestrado da UNESP"},"content":{"rendered":"<p style=\"text-align: justify;\"><strong><em>S\u00e9rgio Barbosa \/ UniFAI<\/em><\/strong><\/p>\n<p style=\"text-align: justify;\">Entre os cursos que fazem parte da hist\u00f3ria da institui\u00e7\u00e3o, encontra-se a Licenciatura em Hist\u00f3ria, portanto, juntamente com outros que fizeram parte da FAFIA e depois, FAI, por\u00e9m, agora, UniFAI, est\u00e3o desenvolvendo atividades acad\u00eamica e pedag\u00f3gicas visando a forma\u00e7\u00e3o dos (as) discentes faz anos.<\/p>\n<p style=\"text-align: justify;\">Neste contexto hist\u00f3rico, deve-se destacar o curso em pauta, todavia, n\u00e3o se pode deixar de mencionar, tamb\u00e9m, o curso de Geografia, por\u00e9m, a proposta acad\u00eamica proporcionada pelo curso de Hist\u00f3ria sempre esteve na vanguarda na \u00e1rea das Licenciaturas oferecidas pela institui\u00e7\u00e3o.<\/p>\n<p style=\"text-align: justify;\"><strong>Gradua\u00e7\u00e3o e UNESP<\/strong><\/p>\n<p style=\"text-align: justify;\">Tais informa\u00e7\u00f5es s\u00e3o necess\u00e1rias para uma conex\u00e3o com o resultado proporcionado pela \u201caprova\u00e7\u00e3o\u201d no processo seletivo do Mestrado em Hist\u00f3ria da UNESP de Assis, de <strong>Gabriel Aparecido Miranda Silva<\/strong>, diplomado em Hist\u00f3ria na Turma de 2.020.<\/p>\n<p style=\"text-align: justify;\">Desta forma, Gabriel afirma que: \u201cEu participei do processo seletivo no come\u00e7o deste ano e, infelizmente, n\u00e3o fui aprovado. No m\u00eas de outubro, eu soube que haveria um novo processo, inscrevi-me e, desta vez, obtive a aprova\u00e7\u00e3o.\u201d<\/p>\n<p style=\"text-align: justify;\">A proposta de pesquisa aprovada teve avalia\u00e7\u00e3o do <strong>prof. Dr. Andr\u00e9 Figueiredo<\/strong> da \u00e1rea de Concentra\u00e7\u00e3o em Hist\u00f3ria Social, bem como, na Linha de Pesquisa em Pol\u00edtica do Mestrado em Hist\u00f3ria, por\u00e9m, destacando o universo Colonial Mineiro.<\/p>\n<p style=\"text-align: justify;\"><strong>Pesquisa e forma\u00e7\u00e3o<\/strong><\/p>\n<p style=\"text-align: justify;\">A disserta\u00e7\u00e3o do mestrando e \u201cunespiano\u201d, <strong>Gabriel Miranda<\/strong>, tem como objetivo o levantamento da Hist\u00f3ria privada dos Inconfidentes e a vida dos seus familiares.<\/p>\n<p style=\"text-align: justify;\">Entretanto, Miranda faz quest\u00e3o de refor\u00e7ar a gradua\u00e7\u00e3o em Hist\u00f3ria, bem como, os docentes que ministraram as disciplinas no curso, a saber: \u201cMinha forma\u00e7\u00e3o na UniFai foi muito proveitosa. Eu, em um primeiro momento, cursei Hist\u00f3ria na modalidade \u00e0 dist\u00e2ncia pela Anhanguera. Entretanto, vi a necessidade do presencial, dada \u00e0s discuss\u00f5es que o curso intrinsicamente imp\u00f5e e, dessa maneira, recorri \u00e0 UniFai. Um sonho antigo, diga-se de passagem.\u201d<\/p>\n<p style=\"text-align: justify;\">Ap\u00f3s a decis\u00e3o de cursar Hist\u00f3ria na institui\u00e7\u00e3o a partir de 2.019, Gabriel afirma que encontrou uma Equipe de docentes qualificados e interessados no desenvolvimento do senso cr\u00edtico dos (as) discentes, bem como, ressaltando sempre a import\u00e2ncia da pesquisa e leituras afins aos objetivos da gradua\u00e7\u00e3o, assim, destaca: \u201cAo ingressar, no ano de 2019, na Universidade, deparei-me com um corpo docente altamente qualificado, por\u00e9m, foi com o <strong>Prof. Dr. Marcos Martinelli <\/strong>que comentei sobre a vontade de fazer o mestrado a partir do meu TCC que j\u00e1 visava o universo colonial brasileiro. Ele me orientou, deu preciosas dicas e me apresentou o contato do orientador em Assis com quem obtive contato at\u00e9 a aprova\u00e7\u00e3o no processo de p\u00f3s-gradua\u00e7\u00e3o.\u201d.<\/p>\n<p style=\"text-align: justify;\">Outros docentes participaram desta forma\u00e7\u00e3o enquanto acad\u00eamico do curso de Hist\u00f3ria da UniFAI, pois, possibilitaram para Gabriel uma forma\u00e7\u00e3o compat\u00edvel com as expectativas, haja vista a frase que\u00a0 estava sempre presente nas aulas com o <strong>prof. Me. Bruno Soares<\/strong>: \u201cpensar historicamente!\u201d<\/p>\n<p style=\"text-align: justify;\">Foto: Gabriel Miranda, Historiador e Mestrando em Hist\u00f3ria na UNESP de Assis-SP<\/p>\n<p>&nbsp;<\/p>\n<p>&nbsp;<\/p>\n<p>&nbsp;<\/p>\n<p>&nbsp;<\/p>\n","protected":false},"excerpt":{"rendered":"<p>S\u00e9rgio Barbosa \/ UniFAI Entre os cursos que fazem parte da hist\u00f3ria da institui\u00e7\u00e3o, encontra-se a Licenciatura em Hist\u00f3ria, portanto, juntamente com outros que fizeram parte da FAFIA e depois, FAI, por\u00e9m, agora, UniFAI, est\u00e3o desenvolvendo atividades acad\u00eamica e pedag\u00f3gicas visando a forma\u00e7\u00e3o dos (as) discentes faz anos. Neste contexto hist\u00f3rico, deve-se destacar o curso [&hellip;]<\/p>\n","protected":false},"author":1,"featured_media":57633,"comment_status":"closed","ping_status":"open","sticky":false,"template":"","format":"standard","meta":{"footnotes":""},"categories":[122],"tags":[],"class_list":["post-57632","post","type-post","status-publish","format-standard","has-post-thumbnail","hentry","category-saudeeducacaoeconcurso"],"_links":{"self":[{"href":"https:\/\/jorgezanoni.com.br\/2019\/wp-json\/wp\/v2\/posts\/57632","targetHints":{"allow":["GET"]}}],"collection":[{"href":"https:\/\/jorgezanoni.com.br\/2019\/wp-json\/wp\/v2\/posts"}],"about":[{"href":"https:\/\/jorgezanoni.com.br\/2019\/wp-json\/wp\/v2\/types\/post"}],"author":[{"embeddable":true,"href":"https:\/\/jorgezanoni.com.br\/2019\/wp-json\/wp\/v2\/users\/1"}],"replies":[{"embeddable":true,"href":"https:\/\/jorgezanoni.com.br\/2019\/wp-json\/wp\/v2\/comments?post=57632"}],"version-history":[{"count":0,"href":"https:\/\/jorgezanoni.com.br\/2019\/wp-json\/wp\/v2\/posts\/57632\/revisions"}],"wp:featuredmedia":[{"embeddable":true,"href":"https:\/\/jorgezanoni.com.br\/2019\/wp-json\/wp\/v2\/media\/57633"}],"wp:attachment":[{"href":"https:\/\/jorgezanoni.com.br\/2019\/wp-json\/wp\/v2\/media?parent=57632"}],"wp:term":[{"taxonomy":"category","embeddable":true,"href":"https:\/\/jorgezanoni.com.br\/2019\/wp-json\/wp\/v2\/categories?post=57632"},{"taxonomy":"post_tag","embeddable":true,"href":"https:\/\/jorgezanoni.com.br\/2019\/wp-json\/wp\/v2\/tags?post=57632"}],"curies":[{"name":"wp","href":"https:\/\/api.w.org\/{rel}","templated":true}]}}